{"id":963159,"date":"2026-04-28T10:47:11","date_gmt":"2026-04-28T08:47:11","guid":{"rendered":"https:\/\/gradski.me\/?p=963159"},"modified":"2026-04-28T10:49:11","modified_gmt":"2026-04-28T08:49:11","slug":"sastanak-posp-a-krajem-aprila-u-fokusu-poglavlja-23-24-i-27","status":"publish","type":"post","link":"https:\/\/gradski.me\/en\/politika\/sastanak-posp-a-krajem-aprila-u-fokusu-poglavlja-23-24-i-27\/","title":{"rendered":"POSP meeting at the end of April: In focus are chapters 23, 24 and 27"},"content":{"rendered":"<p><\/p>\n\n\n\n<p><\/p>\n\n\n\n<p>Tokom dvodnevnog rada poslanici \u0107e govoriti na temu stanja pristupnih pregovora, u okviru koje \u0107e razmijeniti mi\u0161ljenja sa predstavnicima Vlade Crne Gore i institucija Evropske unije.<\/p>\n\n\n\n<p>&#8222;Bi\u0107e rije\u010di o preostalim reformama u okviru Poglavlja 23 \u2013 Pravosu\u0111e i temeljna prava i Poglavlja 24 \u2013 Pravda, sloboda i bezbjednost, o turizmu u Crnoj Gori u aktuelnom geoekonomskom kontekstu, te o stanju pregovora u okviru Poglavlja 27 \u2013 \u017divotna sredina i klimatske promjene&#8220;, naveli su u saop\u0161tenju Skup\u0161tine Crne Gore.<\/p>\n\n\n\n<p>Napominju da je prenos sastanka mogu\u0107e pratiti na Parlamentarnom kanalu i internet stranici Skup\u0161tine Crne Gore (posredstvom vebstriminga koji obezbje\u0111uje Evropski parlament), u srijedu 29. aprila od 15 do 18 i u \u010detvrtak, 30. aprila 2026. godine od 9 do 12 sati.<\/p>\n\n\n\n<p>Podsje\u0107aju da je POSP obrazovan u junu 2010. godine, nakon stupanja na snagu Sporazuma o stabilizaciji i pridru\u017eivanju. Ovaj odbor \u010dine po \u010detrnaest poslanika Skup\u0161tine Crne Gore i Evropskog parlamenta.<\/p>","protected":false},"excerpt":{"rendered":"<p>Parlamentarni odbor Evropske unije i Crne Gore za stabilizaciju i pridru\u017eivanje (POSP) odr\u017ea\u0107e 25. sastanak 29. i 30. aprila 2026. godine u Evropskom parlamentu u Strazburu. Sastanku \u0107e predsjedavati \u0161ef delegacije Skup\u0161tine Crne Gore u POSP-u Dejan \u0110urovi\u0107 i \u0161ef delegacije Evropskog parlamenta Tomas Vajc.<\/p>","protected":false},"author":7,"featured_media":920459,"comment_status":"open","ping_status":"open","sticky":false,"template":"","format":"standard","meta":{"_acf_changed":false,"footnotes":"","jetpack_publicize_message":"","jetpack_publicize_feature_enabled":true,"jetpack_social_post_already_shared":true,"jetpack_social_options":{"image_generator_settings":{"template":"highway","default_image_id":0,"font":"","enabled":false},"version":2}},"categories":[7],"tags":[6783,451],"naslovna":[],"class_list":["post-963159","post","type-post","status-publish","format-standard","has-post-thumbnail","hentry","category-politika","tag-posp","tag-skupstina"],"acf":[],"jetpack_publicize_connections":[],"_links":{"self":[{"href":"https:\/\/gradski.me\/en\/wp-json\/wp\/v2\/posts\/963159","targetHints":{"allow":["GET"]}}],"collection":[{"href":"https:\/\/gradski.me\/en\/wp-json\/wp\/v2\/posts"}],"about":[{"href":"https:\/\/gradski.me\/en\/wp-json\/wp\/v2\/types\/post"}],"author":[{"embeddable":true,"href":"https:\/\/gradski.me\/en\/wp-json\/wp\/v2\/users\/7"}],"replies":[{"embeddable":true,"href":"https:\/\/gradski.me\/en\/wp-json\/wp\/v2\/comments?post=963159"}],"version-history":[{"count":1,"href":"https:\/\/gradski.me\/en\/wp-json\/wp\/v2\/posts\/963159\/revisions"}],"predecessor-version":[{"id":963161,"href":"https:\/\/gradski.me\/en\/wp-json\/wp\/v2\/posts\/963159\/revisions\/963161"}],"wp:featuredmedia":[{"embeddable":true,"href":"https:\/\/gradski.me\/en\/wp-json\/wp\/v2\/media\/920459"}],"wp:attachment":[{"href":"https:\/\/gradski.me\/en\/wp-json\/wp\/v2\/media?parent=963159"}],"wp:term":[{"taxonomy":"category","embeddable":true,"href":"https:\/\/gradski.me\/en\/wp-json\/wp\/v2\/categories?post=963159"},{"taxonomy":"post_tag","embeddable":true,"href":"https:\/\/gradski.me\/en\/wp-json\/wp\/v2\/tags?post=963159"},{"taxonomy":"naslovna","embeddable":true,"href":"https:\/\/gradski.me\/en\/wp-json\/wp\/v2\/naslovna?post=963159"}],"curies":[{"name":"wp","href":"https:\/\/api.w.org\/{rel}","templated":true}]}}