{"id":963154,"date":"2026-04-28T12:00:00","date_gmt":"2026-04-28T10:00:00","guid":{"rendered":"https:\/\/gradski.me\/?p=963154"},"modified":"2026-04-28T11:04:46","modified_gmt":"2026-04-28T09:04:46","slug":"likovna-izlozba-dar-u-podgorici","status":"publish","type":"post","link":"https:\/\/gradski.me\/en\/kultura\/likovna-izlozba-dar-u-podgorici\/","title":{"rendered":"Art exhibition \"DAR\" in Podgorica"},"content":{"rendered":"<p><\/p>\n\n\n\n<p>&#8220;Kako svjedo\u010de radovi na zajedni\u010dkoj izlo\u017ebi DAR, Eldin Suljevi\u0107, Denis Nogovi\u0107, Arabela Herovi\u0107, Jasmina Lucevi\u0107, Esen Pojati\u0107, Nejla Me\u0111edovi\u0107 i Arijeta Lucevi\u0107, pored mladala\u010dkog bunta, imaju i o\u010digledne sklonosti ka psiholo\u0161kom i metafizi\u010dkom propitivanju karaktera, pe\u010data i odsjaja \u017eivota, zapisano je u katalogu&#8220;&#8217;, navode iz Bo\u0161nja\u010dkog vije\u0107a.<\/p>\n\n\n\n<p>Dane kulture Bo\u0161njaka podr\u017eavaju Fonda za za\u0161titu i ostvarivanje manjinskih prava Crne Gore I Bo\u0161nja\u010dko vije\u0107e.<\/p>\n\n\n\n<p>Izlo\u017eba \u0107e biti otvorena u Savremenoj galeriji RTCG, u srijedu, 29.aprila 2026. godine u 20 sati.<\/p>","protected":false},"excerpt":{"rendered":"<p>U okviru manifestacije Dani kulture Bo\u0161njaka u Crnoj Gori, 29. Aprila, bi\u0107e otvorena likovna izlo\u017eba \u201cDAR\u201d. Izlo\u017eba slika i skulptura darovitih umjetnica i umjetnika koji stvarala\u010dki najavljuju doprinos bogatoj i osebujnoj kulturnoj tradiciji bo\u0161nja\u010dkog naroda. Selekcijom su okupljeni stvaraoci razli\u010ditih likovnih tendencija, subjektivnosti i edukacije, ali i zajedni\u010dkih karakteristika u osobenim istra\u017eivanjima i namjerama da se svakom detalju udahne snaga iz li\u010dno pro\u017eivljene stvarnosti, saop\u0161teno je iz Bo\u0161nja\u010dkog vije\u0107a.<\/p>","protected":false},"author":14,"featured_media":963157,"comment_status":"open","ping_status":"open","sticky":false,"template":"","format":"standard","meta":{"_acf_changed":false,"footnotes":"","jetpack_publicize_message":"","jetpack_publicize_feature_enabled":true,"jetpack_social_post_already_shared":true,"jetpack_social_options":{"image_generator_settings":{"template":"highway","default_image_id":0,"font":"","enabled":false},"version":2}},"categories":[11],"tags":[31577,31576,28],"naslovna":[],"class_list":["post-963154","post","type-post","status-publish","format-standard","has-post-thumbnail","hentry","category-kultura","tag-dar","tag-likovna-izlozba","tag-podgorica"],"acf":[],"jetpack_publicize_connections":[],"_links":{"self":[{"href":"https:\/\/gradski.me\/en\/wp-json\/wp\/v2\/posts\/963154","targetHints":{"allow":["GET"]}}],"collection":[{"href":"https:\/\/gradski.me\/en\/wp-json\/wp\/v2\/posts"}],"about":[{"href":"https:\/\/gradski.me\/en\/wp-json\/wp\/v2\/types\/post"}],"author":[{"embeddable":true,"href":"https:\/\/gradski.me\/en\/wp-json\/wp\/v2\/users\/14"}],"replies":[{"embeddable":true,"href":"https:\/\/gradski.me\/en\/wp-json\/wp\/v2\/comments?post=963154"}],"version-history":[{"count":1,"href":"https:\/\/gradski.me\/en\/wp-json\/wp\/v2\/posts\/963154\/revisions"}],"predecessor-version":[{"id":963158,"href":"https:\/\/gradski.me\/en\/wp-json\/wp\/v2\/posts\/963154\/revisions\/963158"}],"wp:featuredmedia":[{"embeddable":true,"href":"https:\/\/gradski.me\/en\/wp-json\/wp\/v2\/media\/963157"}],"wp:attachment":[{"href":"https:\/\/gradski.me\/en\/wp-json\/wp\/v2\/media?parent=963154"}],"wp:term":[{"taxonomy":"category","embeddable":true,"href":"https:\/\/gradski.me\/en\/wp-json\/wp\/v2\/categories?post=963154"},{"taxonomy":"post_tag","embeddable":true,"href":"https:\/\/gradski.me\/en\/wp-json\/wp\/v2\/tags?post=963154"},{"taxonomy":"naslovna","embeddable":true,"href":"https:\/\/gradski.me\/en\/wp-json\/wp\/v2\/naslovna?post=963154"}],"curies":[{"name":"wp","href":"https:\/\/api.w.org\/{rel}","templated":true}]}}