{"id":963144,"date":"2026-04-28T11:02:00","date_gmt":"2026-04-28T09:02:00","guid":{"rendered":"https:\/\/gradski.me\/?p=963144"},"modified":"2026-04-28T10:47:13","modified_gmt":"2026-04-28T08:47:13","slug":"o-evropskoj-perspektivi-zapadnog-balkana","status":"publish","type":"post","link":"https:\/\/gradski.me\/en\/drustvo\/o-evropskoj-perspektivi-zapadnog-balkana\/","title":{"rendered":"On the European perspective of the Western Balkans"},"content":{"rendered":"<blockquote class=\"wp-block-quote is-layout-flow wp-block-quote-is-layout-flow\">\n<p><\/p>\n\n\n\n<p><\/p>\n\n\n\n<p>Po struci pravnik, profesor me\u0111unarodnih odnosa na univerzitetima Ramon Ljul i Abat Oliba, biv\u0161i poslanik, biv\u0161i senator i biv\u0161i \u010dlan Parlamentarne skup\u0161tine Savjeta Evrope, \u0160ukla, koji je bio jedan od lidera Demokratske konvergencije Katalonije, sada je predsjednik Katalonskog savjeta Evropskog pokreta. \u0160ukla je i jedan od autora zbornika radova \u201eGeopolitika i diplomatija na terenu\u201c zajedno sa biv\u0161im ministrom i \u0161efom crnogorske diplomatije Miodragom Vlahovi\u0107em, nekada\u0161njim ministarkama vanjskih poslova Hrvatske Vesnom Pusi\u0107 i odbrane Gruzije Tinatinom Kida\u0161eli, biv\u0161im \u0161efom izraelske diplomatije \u0160lomom Ben Amijem, kao i nekada\u0161njom EU komesarkom za trgovinu Sesilijom Malstrom iz \u0160vedske. Trenutno je aktuelna njegova knjiga \u201eKatalonci u kulturnom Hladnom ratu i europeizmu\u201c u kojoj obja\u0161njava mnoge stvari o egzilu i o tome kako je Hladni rat uslovio razvoj jednog dijela antifrankisti\u010dkog pokreta.<\/p>\n\n\n\n<p>Predavanje \u017dordija \u0160ukle \u0107e u cjelosti biti na engleskom jeziku.<\/p>\n<\/blockquote>","protected":false},"excerpt":{"rendered":"<p>Predavanje pod nazivom \u201eEvropske perspektive zapadnog Balkana \u2013 pogled iz \u0160panije\u201c \u017dordija \u0160ukle, profesora me\u0111unarodnih odnosa iz Barselone, bi\u0107e odr\u017eano u ponedjeljak, 4. maja u 19 sati u prostorijama Matice crnogorske u Podgorici (Beogradska 24c), saop\u0161teno je iz Matice crnogorske.<\/p>","protected":false},"author":7,"featured_media":963147,"comment_status":"open","ping_status":"open","sticky":false,"template":"","format":"standard","meta":{"_acf_changed":false,"footnotes":"","jetpack_publicize_message":"","jetpack_publicize_feature_enabled":true,"jetpack_social_post_already_shared":true,"jetpack_social_options":{"image_generator_settings":{"template":"highway","default_image_id":0,"font":"","enabled":false},"version":2}},"categories":[9],"tags":[5906,31573],"naslovna":[],"class_list":["post-963144","post","type-post","status-publish","format-standard","has-post-thumbnail","hentry","category-drustvo","tag-matica","tag-predavnaje"],"acf":[],"jetpack_publicize_connections":[],"_links":{"self":[{"href":"https:\/\/gradski.me\/en\/wp-json\/wp\/v2\/posts\/963144","targetHints":{"allow":["GET"]}}],"collection":[{"href":"https:\/\/gradski.me\/en\/wp-json\/wp\/v2\/posts"}],"about":[{"href":"https:\/\/gradski.me\/en\/wp-json\/wp\/v2\/types\/post"}],"author":[{"embeddable":true,"href":"https:\/\/gradski.me\/en\/wp-json\/wp\/v2\/users\/7"}],"replies":[{"embeddable":true,"href":"https:\/\/gradski.me\/en\/wp-json\/wp\/v2\/comments?post=963144"}],"version-history":[{"count":1,"href":"https:\/\/gradski.me\/en\/wp-json\/wp\/v2\/posts\/963144\/revisions"}],"predecessor-version":[{"id":963148,"href":"https:\/\/gradski.me\/en\/wp-json\/wp\/v2\/posts\/963144\/revisions\/963148"}],"wp:featuredmedia":[{"embeddable":true,"href":"https:\/\/gradski.me\/en\/wp-json\/wp\/v2\/media\/963147"}],"wp:attachment":[{"href":"https:\/\/gradski.me\/en\/wp-json\/wp\/v2\/media?parent=963144"}],"wp:term":[{"taxonomy":"category","embeddable":true,"href":"https:\/\/gradski.me\/en\/wp-json\/wp\/v2\/categories?post=963144"},{"taxonomy":"post_tag","embeddable":true,"href":"https:\/\/gradski.me\/en\/wp-json\/wp\/v2\/tags?post=963144"},{"taxonomy":"naslovna","embeddable":true,"href":"https:\/\/gradski.me\/en\/wp-json\/wp\/v2\/naslovna?post=963144"}],"curies":[{"name":"wp","href":"https:\/\/api.w.org\/{rel}","templated":true}]}}