{"id":963142,"date":"2026-04-28T11:16:00","date_gmt":"2026-04-28T09:16:00","guid":{"rendered":"https:\/\/gradski.me\/?p=963142"},"modified":"2026-04-28T10:46:46","modified_gmt":"2026-04-28T08:46:46","slug":"preokret-sosic-podrska-protestu-zbog-nepotpisivanja-novog-opsteg-kolektivnog-ugovora","status":"publish","type":"post","link":"https:\/\/gradski.me\/en\/politika\/preokret-sosic-podrska-protestu-zbog-nepotpisivanja-novog-opsteg-kolektivnog-ugovora\/","title":{"rendered":"Preokret \u2013 So\u0161i\u0107: Support for the protest over the failure to sign the new General Collective Agreement"},"content":{"rendered":"<p><\/p>\n\n\n\n<p>So\u0161i\u0107 isti\u010de da socijalna politika ne smije biti vo\u0111ena ad hoc mjerama koje imaju kratkoro\u010dnu politi\u010dku korist, ve\u0107 mora po\u010divati na jasnim, odr\u017eivim i pravednim rje\u0161enjima zasnovanim na realnim ekonomskim parametrima.<\/p>\n\n\n\n<p>&#8220;Dana\u0161nja situacija, kada ni dvije prosje\u010dne zarade ne mogu da dostignu iznos sindikalne potro\u0161a\u010dke korpe, odnosno u kojoj rast tro\u0161kova \u017eivota direktno ugro\u017eava dostojanstvo rada, pokazuje da takav pristup izostaje&#8220;, kazao je So\u0161i\u0107.<\/p>\n\n\n\n<p>So\u0161i\u0107 dodaje da ignorisanje socijalnih partnera i izostanak jasnog odgovora Vlade na legitimne zahtjeve zaposlenih direktno uru\u0161ava povjerenje u institucije i gasi smisao socijalnog dijaloga. Bez stvarne spremnosti da se \u010dinjenice priznaju i problemi rije\u0161e, svaka pri\u010da o ekonomskom rastu postaje prazna za gra\u0111ane koji od tog rasta nemaju konkretnu dobrobit.<\/p>\n\n\n\n<p>&#8220;Pove\u0107anje zarada i unapre\u0111enje kolektivnog ugovora nijesu pitanje privilegije, ve\u0107 minimum odgovornosti dr\u017eave prema zaposlenima. Zato je va\u017eno stati uz zahtjeve koji se ti\u010du osnovne ekonomske sigurnosti i dostojanstva rada&#8220;, zaklju\u010duje u saop\u0161tenju So\u0161i\u0107.<\/p>","protected":false},"excerpt":{"rendered":"<p>\u0160ef Kancelarije za socijalna pitanja Pokreta Preokret Dragan So\u0161i\u0107 saop\u0161tio je da Preokret pru\u017ea punu podr\u0161ku zahtjevima i protestnom okupljanju koje organizuje Unija slobodnih sindikata u vezi sa njihovim zahtjevom za potpisivanje novog Op\u0161teg kolektivnog ugovora i pove\u0107anjem zarada.<\/p>","protected":false},"author":14,"featured_media":963145,"comment_status":"open","ping_status":"open","sticky":false,"template":"","format":"standard","meta":{"_acf_changed":false,"footnotes":"","jetpack_publicize_message":"","jetpack_publicize_feature_enabled":true,"jetpack_social_post_already_shared":true,"jetpack_social_options":{"image_generator_settings":{"template":"highway","default_image_id":0,"font":"","enabled":false},"version":2}},"categories":[7],"tags":[3508,31572,2808],"naslovna":[],"class_list":["post-963142","post","type-post","status-publish","format-standard","has-post-thumbnail","hentry","category-politika","tag-dragan-sosic","tag-novi-opsti-kolektivni-ugovor","tag-protest"],"acf":[],"jetpack_publicize_connections":[],"_links":{"self":[{"href":"https:\/\/gradski.me\/en\/wp-json\/wp\/v2\/posts\/963142","targetHints":{"allow":["GET"]}}],"collection":[{"href":"https:\/\/gradski.me\/en\/wp-json\/wp\/v2\/posts"}],"about":[{"href":"https:\/\/gradski.me\/en\/wp-json\/wp\/v2\/types\/post"}],"author":[{"embeddable":true,"href":"https:\/\/gradski.me\/en\/wp-json\/wp\/v2\/users\/14"}],"replies":[{"embeddable":true,"href":"https:\/\/gradski.me\/en\/wp-json\/wp\/v2\/comments?post=963142"}],"version-history":[{"count":1,"href":"https:\/\/gradski.me\/en\/wp-json\/wp\/v2\/posts\/963142\/revisions"}],"predecessor-version":[{"id":963146,"href":"https:\/\/gradski.me\/en\/wp-json\/wp\/v2\/posts\/963142\/revisions\/963146"}],"wp:featuredmedia":[{"embeddable":true,"href":"https:\/\/gradski.me\/en\/wp-json\/wp\/v2\/media\/963145"}],"wp:attachment":[{"href":"https:\/\/gradski.me\/en\/wp-json\/wp\/v2\/media?parent=963142"}],"wp:term":[{"taxonomy":"category","embeddable":true,"href":"https:\/\/gradski.me\/en\/wp-json\/wp\/v2\/categories?post=963142"},{"taxonomy":"post_tag","embeddable":true,"href":"https:\/\/gradski.me\/en\/wp-json\/wp\/v2\/tags?post=963142"},{"taxonomy":"naslovna","embeddable":true,"href":"https:\/\/gradski.me\/en\/wp-json\/wp\/v2\/naslovna?post=963142"}],"curies":[{"name":"wp","href":"https:\/\/api.w.org\/{rel}","templated":true}]}}