{"id":963135,"date":"2026-04-28T10:30:00","date_gmt":"2026-04-28T08:30:00","guid":{"rendered":"https:\/\/gradski.me\/?p=963135"},"modified":"2026-04-28T10:23:41","modified_gmt":"2026-04-28T08:23:41","slug":"koprivica-i-prijatelji-nastupili-u-dnevnom-centru-za-smetnjama-u-razvoju-tisa-bijelo-polje","status":"publish","type":"post","link":"https:\/\/gradski.me\/en\/zabava\/koprivica-i-prijatelji-nastupili-u-dnevnom-centru-za-smetnjama-u-razvoju-tisa-bijelo-polje\/","title":{"rendered":"Koprivica and friends performed at the Day Center for Developmental Disabilities \"Tisa\" Bijelo Polje"},"content":{"rendered":"<p><\/p>\n\n\n\n<p>In an extraordinary atmosphere, with verses by poet and program moderator Ana \u0110urovi\u0107 from Podgorica, and performances of folk songs by Koprivica and Milan Gvozdenovi\u0107, the meeting was the best confirmation that such cultural events are of great social importance for institutions.<\/p>\n\n\n\n<p>At the very beginning, the guests and all those present were welcomed by the institution's secretary, Andrijana Vasi\u0107, who pointed out that the Tisa Day Care Center began operating in 2004, as the first day care center of its kind in Montenegro, which was an important step towards improving the social protection of children with developmental disabilities. Vasi\u0107 also emphasized that through numerous activities, from rehabilitation, education and care to social and recreational content, Tisa has become an example of good practice and has been recognized as an important socio-humanitarian institution and a good example for the establishment of similar institutions in Montenegro. She also emphasized the importance of young people growing up with the support of a professional team and the community, and that full attention is paid to users of all ages at the Day Care Center, especially in an educational sense through workshops, group and individual work with educators and the entire Tisa staff.<\/p>\n\n\n\n<p>Poetess <strong>Ana Djurovic<\/strong>, the author of an educational book \u201cGuess Who I Am\u201d about historical figures of Montenegro, this time asked the little ones suggestive questions in verse about social and geographical concepts, which the children successfully and joyfully guessed in unison with applause. \u0110urovi\u0107 also emphasized that the musical and poetic caravan \u201cKoprivica and Friends\u201d is touring all over Montenegro, and that over the past year and this year, more than forty programs have been performed in many cities.<\/p>\n\n\n\n<p>Emphasizing that vocal soloists from several cities also perform at such events, Ana \u0110urovi\u0107 announced the young hope of Montenegrin folk music. <strong>Milan Gvozdenovi\u0107<\/strong> from Bijelo Polje, noting that he graduated from the Secondary Medical School, but that he intends to become a doctor in performing folk songs, which Gvozdenovi\u0107 then brilliantly proved by singing famous hits from the region.<\/p>\n\n\n\n<p>After Gvozdenovi\u0107, Koprivica performed, who pointed out that Milan Gvozdenovi\u0107 is clearly the most talented young folk music performer in Montenegro and wished him much success in his upcoming career. Koprivica then continued the program with a mix of evergreen melodies by Halid Be\u0161li\u0107, Beki Beki\u0107, Enes Begovi\u0107, Milo\u0161 Radovanovi\u0107, Aco Pejovi\u0107 and others, accompanied by singing by the entire staff of the Center, who at the end of the gathering, accompanied by his accordion, also danced the U\u017eice kolo in a great and memorable mood.<\/p>\n\n\n\n<p>Koprivica and friends will perform today at 11 a.m. at the long-term prison in UIKS, where the special guest will be the prominent vocal soloist of Montenegrin folk music Igor \u0110urovi\u0107. On May 10, they will perform at the Special Hospital for Psychiatry \"Dobrota\" in Kotor. On May 18, they were invited to a humanitarian program at the Public Institution Center for Day Care for Children with Developmental Disabilities and Adults with Disabilities in Danilovgrad, etc.<\/p>","protected":false},"excerpt":{"rendered":"<p>With the support of the Organization for the Protection of the Rights of Authors of Music of Montenegro - PAM CG, and executive director Vasilije Rai\u010devi\u0107, Dragan Koprivica and friends held their humanitarian music and poetry program yesterday at the Public Institution Daily Center for Children with Developmental Disabilities, and for Youth and Adults with Disabilities \"Tisa\".<\/p>","protected":false},"author":14,"featured_media":963139,"comment_status":"open","ping_status":"open","sticky":false,"template":"","format":"standard","meta":{"_acf_changed":false,"footnotes":"","jetpack_publicize_message":"","jetpack_publicize_feature_enabled":true,"jetpack_social_post_already_shared":true,"jetpack_social_options":{"image_generator_settings":{"template":"highway","default_image_id":0,"font":"","enabled":false},"version":2}},"categories":[12],"tags":[8601,1347,31571],"naslovna":[],"class_list":["post-963135","post","type-post","status-publish","format-standard","has-post-thumbnail","hentry","category-zabava","tag-dragan-koprivica-i-prijatelji","tag-bijelo-polje","tag-dnevni-centar-za-smetnjama-u-razvoju-tisa"],"acf":[],"jetpack_publicize_connections":[],"_links":{"self":[{"href":"https:\/\/gradski.me\/en\/wp-json\/wp\/v2\/posts\/963135","targetHints":{"allow":["GET"]}}],"collection":[{"href":"https:\/\/gradski.me\/en\/wp-json\/wp\/v2\/posts"}],"about":[{"href":"https:\/\/gradski.me\/en\/wp-json\/wp\/v2\/types\/post"}],"author":[{"embeddable":true,"href":"https:\/\/gradski.me\/en\/wp-json\/wp\/v2\/users\/14"}],"replies":[{"embeddable":true,"href":"https:\/\/gradski.me\/en\/wp-json\/wp\/v2\/comments?post=963135"}],"version-history":[{"count":1,"href":"https:\/\/gradski.me\/en\/wp-json\/wp\/v2\/posts\/963135\/revisions"}],"predecessor-version":[{"id":963141,"href":"https:\/\/gradski.me\/en\/wp-json\/wp\/v2\/posts\/963135\/revisions\/963141"}],"wp:featuredmedia":[{"embeddable":true,"href":"https:\/\/gradski.me\/en\/wp-json\/wp\/v2\/media\/963139"}],"wp:attachment":[{"href":"https:\/\/gradski.me\/en\/wp-json\/wp\/v2\/media?parent=963135"}],"wp:term":[{"taxonomy":"category","embeddable":true,"href":"https:\/\/gradski.me\/en\/wp-json\/wp\/v2\/categories?post=963135"},{"taxonomy":"post_tag","embeddable":true,"href":"https:\/\/gradski.me\/en\/wp-json\/wp\/v2\/tags?post=963135"},{"taxonomy":"naslovna","embeddable":true,"href":"https:\/\/gradski.me\/en\/wp-json\/wp\/v2\/naslovna?post=963135"}],"curies":[{"name":"wp","href":"https:\/\/api.w.org\/{rel}","templated":true}]}}