{"id":963089,"date":"2026-04-28T09:10:00","date_gmt":"2026-04-28T07:10:00","guid":{"rendered":"https:\/\/gradski.me\/?p=963089"},"modified":"2026-04-28T08:06:53","modified_gmt":"2026-04-28T06:06:53","slug":"njemacka-jaca-partnerstvo-u-oblasti-zivotne-sredine-sa-albanijom-i-crnom-gorom","status":"publish","type":"post","link":"https:\/\/gradski.me\/en\/drustvo\/njemacka-jaca-partnerstvo-u-oblasti-zivotne-sredine-sa-albanijom-i-crnom-gorom\/","title":{"rendered":"Germany strengthens environmental partnership with Albania and Montenegro"},"content":{"rendered":"<p>The focus of the talks will be on bilateral cooperation in the field of environmental and climate protection, as well as on progress made in fulfilling the conditions for EU accession in the field of environment. Federal Minister Schneider will meet with his colleagues Sofjan Jaupaj (Albania) and Damjan \u0106ulafi\u0107 (Montenegro), as well as with<br>Prime Minister Milojko Spaji\u0107 (Montenegro) and other high-ranking political decision-makers and civil society representatives. Federal Minister Schneider will also visit the national parks of Vjosa (Albania) and Skadar Lake (Montenegro\/Albania) to learn about the measures being taken to preserve the unique natural environment of the region.<\/p>\n\n\n\n<p>Federal Minister for the Environment, Carsten Schneider: \"The future of the Western Balkan countries lies in the EU. Montenegro and Albania in particular are on a very good path, as they have already achieved a lot in the field of environmental and climate protection. Both countries have impressive landscapes that need to be protected, and also to exploit the associated economic potential.\"<\/p>\n\n\n\n<p>EU accession offers Albania and Montenegro opportunities for increased investment in climate and environmental protection, and thus in preserving our livelihoods.\u201d EU accession offers Albania and Montenegro important opportunities for protecting their unique natural environments. The German government supports the development of these countries as they move closer to EU membership through various international funding programmes in the areas of climate protection, conservation<br>biodiversity and regional programs.<\/p>\n\n\n\n<p>Albania entered EU accession negotiations in 2022 and is home to some of the last untouched natural paradises on the European continent. The Vjosa River was declared the first wild river national park in Europe in 2023. Montenegro defined itself in its constitution as the world\u2019s first \u201cecological state\u201d and aims to join the EU by 2028. Lake Skadar, located in the border region between Montenegro and Albania, is the largest lake on the Balkan Peninsula and is considered key to the rich biodiversity of both countries.<\/p>","protected":false},"excerpt":{"rendered":"<p>Federal Minister for the Environment Carsten Schneider has begun his three-day visit to Albania and Montenegro. <\/p>","protected":false},"author":19,"featured_media":896880,"comment_status":"open","ping_status":"open","sticky":false,"template":"","format":"standard","meta":{"_acf_changed":false,"footnotes":"","jetpack_publicize_message":"","jetpack_publicize_feature_enabled":true,"jetpack_social_post_already_shared":true,"jetpack_social_options":{"image_generator_settings":{"template":"highway","default_image_id":0,"font":"","enabled":false},"version":2}},"categories":[9],"tags":[732,188,673],"naslovna":[],"class_list":["post-963089","post","type-post","status-publish","format-standard","has-post-thumbnail","hentry","category-drustvo","tag-albanija","tag-crna-gora","tag-njemacka"],"acf":[],"jetpack_publicize_connections":[],"_links":{"self":[{"href":"https:\/\/gradski.me\/en\/wp-json\/wp\/v2\/posts\/963089","targetHints":{"allow":["GET"]}}],"collection":[{"href":"https:\/\/gradski.me\/en\/wp-json\/wp\/v2\/posts"}],"about":[{"href":"https:\/\/gradski.me\/en\/wp-json\/wp\/v2\/types\/post"}],"author":[{"embeddable":true,"href":"https:\/\/gradski.me\/en\/wp-json\/wp\/v2\/users\/19"}],"replies":[{"embeddable":true,"href":"https:\/\/gradski.me\/en\/wp-json\/wp\/v2\/comments?post=963089"}],"version-history":[{"count":1,"href":"https:\/\/gradski.me\/en\/wp-json\/wp\/v2\/posts\/963089\/revisions"}],"predecessor-version":[{"id":963092,"href":"https:\/\/gradski.me\/en\/wp-json\/wp\/v2\/posts\/963089\/revisions\/963092"}],"wp:featuredmedia":[{"embeddable":true,"href":"https:\/\/gradski.me\/en\/wp-json\/wp\/v2\/media\/896880"}],"wp:attachment":[{"href":"https:\/\/gradski.me\/en\/wp-json\/wp\/v2\/media?parent=963089"}],"wp:term":[{"taxonomy":"category","embeddable":true,"href":"https:\/\/gradski.me\/en\/wp-json\/wp\/v2\/categories?post=963089"},{"taxonomy":"post_tag","embeddable":true,"href":"https:\/\/gradski.me\/en\/wp-json\/wp\/v2\/tags?post=963089"},{"taxonomy":"naslovna","embeddable":true,"href":"https:\/\/gradski.me\/en\/wp-json\/wp\/v2\/naslovna?post=963089"}],"curies":[{"name":"wp","href":"https:\/\/api.w.org\/{rel}","templated":true}]}}