{"id":963041,"date":"2026-04-27T21:32:00","date_gmt":"2026-04-27T19:32:00","guid":{"rendered":"https:\/\/gradski.me\/?p=963041"},"modified":"2026-04-27T21:30:57","modified_gmt":"2026-04-27T19:30:57","slug":"dobro-jutro-podgorice-o-odgovornom-upravljanju-i-izazovima-u-javnom-sektoru","status":"publish","type":"post","link":"https:\/\/gradski.me\/en\/podgorica\/dobro-jutro-podgorice-o-odgovornom-upravljanju-i-izazovima-u-javnom-sektoru\/","title":{"rendered":"&#8222;Dobro jutro, Podgorice&#8220;: O odgovornom upravljanju i izazovima u javnom sektoru"},"content":{"rendered":"<p><\/p>\n\n\n\n<p>Emisiju vodi An\u0111ela Kosti\u0107, dok pri\u010de sa terena donosi Aleksandra Popovi\u0107.<\/p>\n\n\n\n<p>Sa nama \u0107e biti najbolji menad\u017eeri godine. O odgovornom upravljanju i izazovima u javnom sektoru govori\u0107e Jelena \u0160ofranac, direktorica JU Dom starih \u201ePodgorica\u201c, kao i Aleksandar Bo\u017eovi\u0107, direktor gradskog preduze\u0107a \u201eDeponija\u201c.<\/p>\n\n\n\n<p>Govori\u0107emo i o jednoj nesvakida\u0161njoj, ali izuzetno va\u017enoj edukativnoj akciji koju je realizovao Parking servis Podgorica, kroz perspektivu onih \u010dija je bezbjednost najva\u017enija- djece. Tim povodom na\u0161 gost bi\u0107e Du\u0161an Cekovi\u0107, koji \u0107e predstaviti akciju pod sloganom \u201ePravilno parkiranje \u010duva i tebe i nas\u201c, kroz koju su najmla\u0111i sugra\u0111ani na simboli\u010dan, ali sna\u017ean na\u010din poslali poruku svim voza\u010dima.&nbsp;<\/p>\n\n\n\n<p>Aktuelni protesti u mljekarskom sektoru tako\u0111e \u0107e biti u centru pa\u017enje. O problemima sa kojima se suo\u010davaju proizvo\u0111a\u010di govori\u0107e Luka Ivanovi\u0107, poljoprivrednik iz Zete, dok \u0107e u ime Ministarstva poljoprivrede, \u0161umarstva i vodoprivrede gost biti Miodrag Do\u0161ljak, na\u010delnik sektora za sto\u010darstvo.&nbsp;<\/p>\n\n\n\n<p>Drugi dio emisije rezervisan je za segment iz svijeta muzike- premijera spota \u201eSan o tebi\u201c, o kojem \u0107e govoriti mladi muzi\u010dar Pavle Jankovi\u0107.<\/p>\n\n\n\n<p>Budite i budite se uz &#8222;Dobro jutro, Podgorice&#8220;, svakog radnog dana od 7h do 9h na RTV Podgorica.<\/p>","protected":false},"excerpt":{"rendered":"<p>U utorak gledaoce jutarnjeg programa o\u010dekuje aktuelan sadr\u017eaj u emisiji \u201eDobro jutro, Podgorice\u201c, uz zanimljive goste i teme koje se ti\u010du svakodnevice gra\u0111ana.<\/p>","protected":false},"author":13,"featured_media":864792,"comment_status":"open","ping_status":"open","sticky":false,"template":"","format":"standard","meta":{"_acf_changed":false,"footnotes":"","jetpack_publicize_message":"","jetpack_publicize_feature_enabled":true,"jetpack_social_post_already_shared":true,"jetpack_social_options":{"image_generator_settings":{"template":"highway","default_image_id":0,"font":"","enabled":false},"version":2}},"categories":[6],"tags":[7186,7188],"naslovna":[908],"class_list":["post-963041","post","type-post","status-publish","format-standard","has-post-thumbnail","hentry","category-podgorica","tag-dobro-jutro-podgorice-2","tag-jutarnji-program","naslovna-izdvajamo"],"acf":[],"jetpack_publicize_connections":[],"_links":{"self":[{"href":"https:\/\/gradski.me\/en\/wp-json\/wp\/v2\/posts\/963041","targetHints":{"allow":["GET"]}}],"collection":[{"href":"https:\/\/gradski.me\/en\/wp-json\/wp\/v2\/posts"}],"about":[{"href":"https:\/\/gradski.me\/en\/wp-json\/wp\/v2\/types\/post"}],"author":[{"embeddable":true,"href":"https:\/\/gradski.me\/en\/wp-json\/wp\/v2\/users\/13"}],"replies":[{"embeddable":true,"href":"https:\/\/gradski.me\/en\/wp-json\/wp\/v2\/comments?post=963041"}],"version-history":[{"count":1,"href":"https:\/\/gradski.me\/en\/wp-json\/wp\/v2\/posts\/963041\/revisions"}],"predecessor-version":[{"id":963044,"href":"https:\/\/gradski.me\/en\/wp-json\/wp\/v2\/posts\/963041\/revisions\/963044"}],"wp:featuredmedia":[{"embeddable":true,"href":"https:\/\/gradski.me\/en\/wp-json\/wp\/v2\/media\/864792"}],"wp:attachment":[{"href":"https:\/\/gradski.me\/en\/wp-json\/wp\/v2\/media?parent=963041"}],"wp:term":[{"taxonomy":"category","embeddable":true,"href":"https:\/\/gradski.me\/en\/wp-json\/wp\/v2\/categories?post=963041"},{"taxonomy":"post_tag","embeddable":true,"href":"https:\/\/gradski.me\/en\/wp-json\/wp\/v2\/tags?post=963041"},{"taxonomy":"naslovna","embeddable":true,"href":"https:\/\/gradski.me\/en\/wp-json\/wp\/v2\/naslovna?post=963041"}],"curies":[{"name":"wp","href":"https:\/\/api.w.org\/{rel}","templated":true}]}}