{"id":963036,"date":"2026-04-27T21:45:00","date_gmt":"2026-04-27T19:45:00","guid":{"rendered":"https:\/\/gradski.me\/?p=963036"},"modified":"2026-04-27T21:21:28","modified_gmt":"2026-04-27T19:21:28","slug":"reis-fejzic-suludo-je-da-i-dalje-govorimo-o-miru-i-suzivotu-koji-se-podrazumijevaju","status":"publish","type":"post","link":"https:\/\/gradski.me\/en\/uncategorized\/reis-fejzic-suludo-je-da-i-dalje-govorimo-o-miru-i-suzivotu-koji-se-podrazumijevaju\/","title":{"rendered":"Reis Fejzi\u0107: Suludo je da i dalje govorimo o miru i su\u017eivotu koji se podrazumijevaju"},"content":{"rendered":"<p><br><\/p>\n\n\n\n<p><br>On je kazao da ne mo\u017ee da se pohvali da je dr\u017eava od obnove nezavisnosti 2006. pa do danas imala nekog zna\u010dajnog u\u010de\u0161\u0107a u projektima Islamske zajednice.<\/p>\n\n\n\n<p>&#8222;Naprotiv. U odre\u0111enim momentima imali smo barijere projektnih dokumentacija da ostvarimo odre\u0111ene projekte. Nekada nam je bilo te\u017ee da do\u0111emo do pozicije da mo\u017eemo da radimo, nego da to i napravimo. Ali, ponekad je najve\u0107a pomo\u0107 bila da vam neko ne smeta da mo\u017eete da radite&#8220;, naglasio je Fejzi\u0107.<\/p>\n\n\n\n<p>Osvrnuv\u0161i se na uspjehe Islamske zajednice kada je rije\u010d o projektima, Fejzi\u0107 navodi da su uspostavili ozbiljnu komunikaciju sa ozbiljnim adresama iz islamskog svijeta.<\/p>\n\n\n\n<p>&#8222;Samo u posljednjih godinu i po smo imali \u010detiri ministra iz islamskog svijeta koji su bili na\u0161i gosti i posjetili Islamsku zajednicu&#8220;, zaklju\u010dio je Fejzi\u0107.<\/p>\n\n\n\n<p>Prema njegovim rije\u010dima, ne mogu se upore\u0111ivati stanja i odnosi dr\u017eave od prije 20 godina sa trenutnim prema Islamskoj zajednici, jer danasa Crna Gora preferira da uskoro bude \u010dlanica Evropske unije (EU).<\/p>\n\n\n\n<p>&#8222;Takva zemlja bi morala da poka\u017ee odre\u0111en stepen tolerancije prema Islamskoj zajednici, kao i prema ostalim koje \u017eive u Crnoj Gori&#8220;, ocijenio je Fejzi\u0107.<\/p>\n\n\n\n<p>Govore\u0107i o skorijoj pro\u0161losti, Fejzi\u0107 navodi da su se mijenjale okolnosti i da nijesu uvijek bila ista o\u010dekivanja niti mogu\u0107nosti za saradnju i komunikaciju izme\u0111u Islamske zajednice i dr\u017eave.<\/p>\n\n\n\n<p>&#8222;Razli\u010diti su prostori od kad smo iza\u0161li iz ratnog okru\u017eenja pa do danas kada govorimo o Crnoj Gori kao zemlji koja treba da postane \u010dlanica EU. Na\u017ealost, suludo je \u0161to i dalje moramo da govorimo o zajedni\u010dkom \u017eivotu, o potrebi o\u010duvanja mira, tolerancije\u2026 To je bila pri\u010da nakon kraja ratnih de\u0161avanja. Danas bi to trebalo da bude zaboravljena pri\u010da koja se podrazumijeva i da se ne smije dovoditi u pitanje. Me\u0111utim, nijesam siguran da je to tako&#8220;, smatra Fejzi\u0107.<\/p>\n\n\n\n<p><br>Mi\u0161ljenja je da bi situacija trebala da bude puno bolja kada su u pitanju me\u0111uvjerski i multietni\u010dki sklad.<\/p>\n\n\n\n<p>&#8222;Napad na dva maloljetnika na kupali\u0161tu rijeke Cijevne, napad na vlasnika fitnes kluba u Podgorici u prisustvu njegove \u0107erke, napad funkcionera nik\u0161i\u0107kog vodovoda na svoga radnika, napad opasnim predmetom na radnika d\u017eamije Hadrovi\u0107a u Podgorici, fizi\u010dki napad na u\u010denika medicinske \u0161kole u Beranama, te\u0161ko ranjavanje u\u010denika gimnazije u Baru, napad djece sportista iz Sarajeva u Baru, navija\u010dke parole &#8216;No\u017e, \u017eica\u2026&#8217;, prekid emitovanja filma na albanskom jeziku na Zabjelu &#8211; sve su to slu\u010dajevi koji nam, na\u017ealost, pale lampice da mo\u017eda neke stvari trebamo spustiti sa slova zakona u \u017eivot u kojem \u017eivimo&#8220;, naveo je Fejzi\u0107, dodaju\u0107i da ne mo\u017ee sa sigurno\u0161\u0107u da ka\u017ee da su svi ti slu\u010dajevi zasnovani na vjerskoj i nacionalnoj osnovi.<\/p>\n\n\n\n<p>Govore\u0107i o spomeniku ratnom zlo\u010dincu i \u010detni\u010dkom komadantu Pavlu \u0110uri\u0161i\u0107u u Gornjem Zaostru kod Berana navodi da institucije prave kompromise sa ljudima koji kr\u0161e zakon.<\/p>\n\n\n\n<p>&#8222;Na\u017ealost, tu sudjeluju lokalni i dr\u017eavni organi. Mo\u017eda ne bih reagovao da nemam informaciju da taj isti \u0110uri\u0161i\u0107, po sopstvenom priznanju, ubio 10.000 muslimanske neja\u010di. Najve\u0107i broj njih pobio je, upravo, na teritoriji Crne Gore. Jo\u0161 uvijek su vidljivi tragovi spaljivanja, protjerivanja i ubijanja&#8220;, kazao je Fejzi\u0107.<\/p>\n\n\n\n<p>On tvrdi da Ministarstvo kulture i medija ne dozvoljava da se obnovi d\u017eamija u Raduli\u0107ima kod Bijelog Polja koja je spaljena tokom Drugog svjetskog rata od Pavla \u0110uri\u0161i\u0107a i njegovih sljedbenika.<\/p>\n\n\n\n<p>&#8222;Godinama se borimo da u\u0111emo u posjed, obnovimo d\u017eamiju i stavimo ta\u010dku na nedjelo koje je uradio Pavle \u0110uri\u0161i\u0107. Prvo imamo odobrenje, pa onda Uprava za za\u0161titu kulturnih dobara poni\u0161ti sopstveno rje\u0161enje, vjerovatno po ne\u010dijem nalogu. Volio bih da znam ko donosi te odluke. Vi\u0161e nemam povjerenja u instituciju Ministarstva kulture&#8220;, istakao je Fejzi\u0107.<\/p>\n\n\n\n<p><br>Ljudi koji vode Crnu Goru, ka\u017ee Fejzi\u0107, treba da imaju vi\u0161e snage.<\/p>\n\n\n\n<p>&#8222;Vjerujem u projekat EU i da bi nas to \u010dlanstvo dodatno udaljilo od pri\u010da iz &#8217;90-ih godina. \u010clanstvo u EU obavezuje. EU i NATO su trenutno najbolje adrese zajednice dr\u017eava na me\u0111unarodnom planu i to sna\u017eno podr\u017eavamo. Vjerujem i da premijer Milojko Spaji\u0107 iskreno \u017eeli da vodi taj proces, ali mora da poka\u017ee vi\u0161e snage i borbe na tom putu. Imam osje\u0107aj da njemu neki ljudi tu smetaju&#8220;, smatra Fejzi\u0107.<\/p>\n\n\n\n<p>Fejzi\u0107 smatra da bi Crna Gora trebala da izbjegne da bude poligon za tu\u0111e interese.<\/p>\n\n\n\n<p>&#8222;Ne treba da bude poligon za obra\u010dun tre\u0107ih dr\u017eava i da se preko nje obra\u010dunavaju tre\u0107e dr\u017eave sa EU, SAD-a. Mi u Crnoj Gori treba da budemo najpre\u010di jedni drugima i da je svi vidimo kao svoju ku\u0107u&#8220;, ka\u017ee Fejzi\u0107.<\/p>\n\n\n\n<p>Prema njegovim rije\u010dima priznavanje nezavisnosti Kosova od strane zvani\u010dne Podgorice je bila &#8222;izuzetna dr\u017eavni\u010dka odluka&#8220;.<\/p>\n\n\n\n<p>&#8222;Ne znam da li bi danas ova ve\u0107ina koja vlada Crnom Gorom imala snage da prizna nezavisnost. Ali budite sigurni, da bi to bila jedna od najve\u0107ih prepreka Crnoj Gori za ulazak u EU da nije priznala Kosovo&#8220;, ocijenio je Fejzi\u0107.<\/p>\n\n\n\n<p>Pri\u010da o genocidu u Srebrenici je krenula iz Bosne i Hercegovine, ka\u017ee Fejzi\u0107, smatraju\u0107i tako da je pri\u010da o genocidu u Jasenovcu trebala da krene iz Srbije, a ne iz Crne Gore.<\/p>\n\n\n\n<p>&#8222;Hrvati to smatraju provokacijom za ne\u0161to \u0161to priznaju&#8220;, zaklju\u010dio je Fejzi\u0107.<\/p>","protected":false},"excerpt":{"rendered":"<p>Reis Islamske zajednice u Crnoj Gori Rifat Fejzi\u0107 poru\u010dio je gostuju\u0107i u emisiji &#8222;Naglas&#8220; da je suludo \u0161to i dalje moramo da govorimo o zajedni\u010dkom \u017eivotu, o potrebi o\u010duvanja mira, tolerancije, dodaju\u0107i da bi to trebalo da bude zaboravljena pri\u010da koja se podrazumijeva i da se ne smije dovoditi u pitanje.<\/p>","protected":false},"author":5,"featured_media":921351,"comment_status":"open","ping_status":"open","sticky":false,"template":"","format":"standard","meta":{"_acf_changed":false,"footnotes":"","jetpack_publicize_message":"","jetpack_publicize_feature_enabled":true,"jetpack_social_post_already_shared":true,"jetpack_social_options":{"image_generator_settings":{"template":"highway","default_image_id":0,"font":"","enabled":false},"version":2}},"categories":[1],"tags":[1523,22102,31561],"naslovna":[],"class_list":["post-963036","post","type-post","status-publish","format-standard","has-post-thumbnail","hentry","category-uncategorized","tag-mir","tag-reis-fejzic","tag-suzivot"],"acf":[],"jetpack_publicize_connections":[],"_links":{"self":[{"href":"https:\/\/gradski.me\/en\/wp-json\/wp\/v2\/posts\/963036","targetHints":{"allow":["GET"]}}],"collection":[{"href":"https:\/\/gradski.me\/en\/wp-json\/wp\/v2\/posts"}],"about":[{"href":"https:\/\/gradski.me\/en\/wp-json\/wp\/v2\/types\/post"}],"author":[{"embeddable":true,"href":"https:\/\/gradski.me\/en\/wp-json\/wp\/v2\/users\/5"}],"replies":[{"embeddable":true,"href":"https:\/\/gradski.me\/en\/wp-json\/wp\/v2\/comments?post=963036"}],"version-history":[{"count":2,"href":"https:\/\/gradski.me\/en\/wp-json\/wp\/v2\/posts\/963036\/revisions"}],"predecessor-version":[{"id":963038,"href":"https:\/\/gradski.me\/en\/wp-json\/wp\/v2\/posts\/963036\/revisions\/963038"}],"wp:featuredmedia":[{"embeddable":true,"href":"https:\/\/gradski.me\/en\/wp-json\/wp\/v2\/media\/921351"}],"wp:attachment":[{"href":"https:\/\/gradski.me\/en\/wp-json\/wp\/v2\/media?parent=963036"}],"wp:term":[{"taxonomy":"category","embeddable":true,"href":"https:\/\/gradski.me\/en\/wp-json\/wp\/v2\/categories?post=963036"},{"taxonomy":"post_tag","embeddable":true,"href":"https:\/\/gradski.me\/en\/wp-json\/wp\/v2\/tags?post=963036"},{"taxonomy":"naslovna","embeddable":true,"href":"https:\/\/gradski.me\/en\/wp-json\/wp\/v2\/naslovna?post=963036"}],"curies":[{"name":"wp","href":"https:\/\/api.w.org\/{rel}","templated":true}]}}