{"id":963011,"date":"2026-04-28T07:30:00","date_gmt":"2026-04-28T05:30:00","guid":{"rendered":"https:\/\/gradski.me\/?p=963011"},"modified":"2026-04-27T21:51:38","modified_gmt":"2026-04-27T19:51:38","slug":"video-odrzano-prvo-drzavno-takmicenje-srednjoskolaca-iz-oblasti-zdravstvene-njege-takmicari-na-visini-zadatka","status":"publish","type":"post","link":"https:\/\/gradski.me\/en\/drustvo\/video-odrzano-prvo-drzavno-takmicenje-srednjoskolaca-iz-oblasti-zdravstvene-njege-takmicari-na-visini-zadatka\/","title":{"rendered":"(VIDEO) The first state competition for high school students in the field of healthcare was held: Competitors up to the task"},"content":{"rendered":"<p><\/p>\n\n\n\n<p>U\u010denici nagla\u0161avaju da su podr\u0161ka mentora, ali i dru\u017eenje i razmjena iskustava sa vr\u0161njacima, bili klju\u010dni dio ovog doga\u0111aja.<\/p>\n\n\n\n<p>Takmi\u010darke Marija Stijepovi\u0107 i Iva Gvozdenovi\u0107 isti\u010du da je sve organizovano na profesionalnom nivou.  Pored treme koja je bila prisutna imali su priliku da poka\u017eu najbolje znanje. <\/p>\n\n\n\n<p>U\u010denici koji su u\u010desvovali kao pacijenti poru\u010duju da su takmi\u010dari bili na visini zadatka.<\/p>\n\n\n\n<p>Zdravstvena njega nije samo struka, ve\u010d humani poziv koji spaja nauku sa onim najljep\u0161im u \u010dovjeku \u2013 empatiju i po\u017ertvovanje. <\/p>\n\n\n\n<p>Milijana Dabovi\u0107 iz Centra za stru\u010dno obrazovanje isti\u010de da takmi\u010denje ima dodatnu te\u017einu, jer je prvo ovakve vrste. <\/p>\n\n\n\n<p>&#8222;Kao prvo ovakve vrste gdje defini\u0161e pravac gdje \u017eele da se razvija obrazovanje iz oblasti medicine i zdravstena njega kao rpavac koji nas jasno vodi evropskim standardima, znanja, vje\u0161tina i profesionalne odgovornosti&#8220;, kazala je Dabovi\u0107. <\/p>\n\n\n\n<p>Kristina Radoman, direktorica Srednje medicinske \u0161kole isti\u010de da su u\u010denici odabrali put koji tra\u017ei zrelost i odgovornost.<\/p>\n\n\n\n<p>&#8222;Ali vam zauzvrat daje novu najuzvi\u0161eniju ulogu da budete prvi red odbrane ljudskog zdravlja. Ovdje ste pokazali da ste najbolji predstavnivci svojih \u0161kola i da ste ovaj poziv prihvatili srcem&#8220;, kazala je Radoman.<\/p>\n\n\n\n<p><\/p>\n\n\n\n<p>Marija Go\u0161ovi\u0107 iz MPNI istakla je danas se ovdje okupljaju zdravstveni radnici \u2013 ljudi koji svojim znanjem, humanano\u0161\u0107u \u010duvaju ono najvrednije \u0161to imamo -zdravlje i \u017eivot. Mi zahtijevamo stru\u010dne, odgovorne i posve\u0107ene kadrove. Sistem po\u010diva na onima koji znaju i razumiju.<\/p>\n\n\n\n<p>Sa takmi\u010denja je poslata sna\u017ena poruka \u2013 kada spase\u0161 jedan \u017eivot onda si heroj, kada spasi\u0161 hiljade \u017eivota &#8211; onda si medicinar.<\/p>\n\n\n\n<figure class=\"wp-block-embed is-type-video is-provider-youtube wp-block-embed-youtube wp-embed-aspect-16-9 wp-has-aspect-ratio\"><div class=\"wp-block-embed__wrapper\">\n<iframe title=\"Odr\u017eano dr\u017eavno takmi\u010denje srednjo\u0161kolaca iz oblasti zdravstvene njege: Takmi\u010dari na visini zadatka\" width=\"800\" height=\"450\" src=\"https:\/\/www.youtube.com\/embed\/cc6zHO2YRNc?feature=oembed\" frameborder=\"0\" allow=\"accelerometer; autoplay; clipboard-write; encrypted-media; gyroscope; picture-in-picture; web-share\" referrerpolicy=\"strict-origin-when-cross-origin\" allowfullscreen><\/iframe>\n<\/div><\/figure>","protected":false},"excerpt":{"rendered":"<p>\u017delja za uspjehom i takmi\u010darski duh obilje\u017eili su prvo dr\u017eavno takmi\u010denje iz oblasti zdravstvene njege za u\u010denike srednjih \u0161kola. Doma\u0107in ovog zna\u010dajnog doga\u0111aja bila je Srednja medicinska \u0161kola u Podgorici, gdje su mladi pokazali znanje, vje\u0161tine i humanost koje ova profesija zahtijeva.<\/p>","protected":false},"author":5,"featured_media":963022,"comment_status":"open","ping_status":"open","sticky":false,"template":"","format":"standard","meta":{"_acf_changed":false,"footnotes":"","jetpack_publicize_message":"","jetpack_publicize_feature_enabled":true,"jetpack_social_post_already_shared":true,"jetpack_social_options":{"image_generator_settings":{"template":"highway","default_image_id":0,"font":"","enabled":false},"version":2}},"categories":[9,6],"tags":[31559,4773,31560],"naslovna":[908],"class_list":["post-963011","post","type-post","status-publish","format-standard","has-post-thumbnail","hentry","category-drustvo","category-podgorica","tag-prvo-drzavno-takmicenje","tag-srednjoskolci","tag-zdravstvena-njega","naslovna-izdvajamo"],"acf":[],"jetpack_publicize_connections":[],"_links":{"self":[{"href":"https:\/\/gradski.me\/en\/wp-json\/wp\/v2\/posts\/963011","targetHints":{"allow":["GET"]}}],"collection":[{"href":"https:\/\/gradski.me\/en\/wp-json\/wp\/v2\/posts"}],"about":[{"href":"https:\/\/gradski.me\/en\/wp-json\/wp\/v2\/types\/post"}],"author":[{"embeddable":true,"href":"https:\/\/gradski.me\/en\/wp-json\/wp\/v2\/users\/5"}],"replies":[{"embeddable":true,"href":"https:\/\/gradski.me\/en\/wp-json\/wp\/v2\/comments?post=963011"}],"version-history":[{"count":7,"href":"https:\/\/gradski.me\/en\/wp-json\/wp\/v2\/posts\/963011\/revisions"}],"predecessor-version":[{"id":963026,"href":"https:\/\/gradski.me\/en\/wp-json\/wp\/v2\/posts\/963011\/revisions\/963026"}],"wp:featuredmedia":[{"embeddable":true,"href":"https:\/\/gradski.me\/en\/wp-json\/wp\/v2\/media\/963022"}],"wp:attachment":[{"href":"https:\/\/gradski.me\/en\/wp-json\/wp\/v2\/media?parent=963011"}],"wp:term":[{"taxonomy":"category","embeddable":true,"href":"https:\/\/gradski.me\/en\/wp-json\/wp\/v2\/categories?post=963011"},{"taxonomy":"post_tag","embeddable":true,"href":"https:\/\/gradski.me\/en\/wp-json\/wp\/v2\/tags?post=963011"},{"taxonomy":"naslovna","embeddable":true,"href":"https:\/\/gradski.me\/en\/wp-json\/wp\/v2\/naslovna?post=963011"}],"curies":[{"name":"wp","href":"https:\/\/api.w.org\/{rel}","templated":true}]}}