{"id":962982,"date":"2026-04-27T20:51:00","date_gmt":"2026-04-27T18:51:00","guid":{"rendered":"https:\/\/gradski.me\/?p=962982"},"modified":"2026-04-27T20:03:43","modified_gmt":"2026-04-27T18:03:43","slug":"sluzbenica-oebs-a-optuzena-da-je-spijunirala-za-bia-osudjena-na-sest-godina-zatvora","status":"publish","type":"post","link":"https:\/\/gradski.me\/en\/region\/sluzbenica-oebs-a-optuzena-da-je-spijunirala-za-bia-osudjena-na-sest-godina-zatvora\/","title":{"rendered":"OSCE employee, accused of spying for BIA, sentenced to six years in prison"},"content":{"rendered":"<p><\/p>\n\n\n\n<p><\/p>\n\n\n\n<p>U ovu kaznu ura\u010duna\u0107e joj se i vrijeme provedeno u pritvoru, prenosi KoSSev. \u0110ukanovi\u0107 je uhap\u0161ena 28. februara pro\u0161le godine u Sjevernoj Mitrovici.<\/p>\n\n\n\n<p>Protiv nje je podignuta optu\u017enica za \u0161pijuna\u017eu, odnosno saradnju sa srpskom Bezbjednosno-infomativnom agencijom Srbije i Aleksandrom Vlaji\u0107em koji je ve\u0107 osu\u0111en za krivi\u010dno djelo \u0161pijuna\u017ee.<\/p>\n\n\n\n<p>Na prvom ro\u010di\u0161tu, ali i u zavr\u0161nici postupka, izjasnila se da nije kriva za djela koja joj se stavljaju na teret.<\/p>\n\n\n\n<p>\u0110ukanovi\u0107 je optu\u017eena da je kontinuirano radila za interese srpske obavje\u0161tajne slu\u017ebe (BIA), te da je na taj na\u010din &#8222;ugrozila ustavni poredak, bezbjednost gra\u0111ana Kosova, ali i OEBS-a u kojem je bila zaposlena&#8220;.<\/p>\n\n\n\n<p>Tu\u017eilac Bekim Kodraljiu je kazao da je ona bila u kontaktu sa slu\u017ebenicima BIA, te naro\u010dito sa Vlaji\u0107em, ina\u010de biv\u0161im pripadnikom Kosovske policije, koji je za to djelo priznao krivicu.<\/p>\n\n\n\n<p>Tu\u017eilac je u zavr\u0161nim rije\u010dima zatra\u017eio maksimalnu kaznu zatvora za Jelenu \u0110ukanovi\u0107.<\/p>\n\n\n\n<p>Sa druge strane, njena odbrana smatrala je nezakonitim pribavljanje dokaza iz telefona \u0110ukanovi\u0107, smatraju\u0107i da ti navodni dokazi nisu pouzdani, kao ni ostali koji su se iznosili u ovom postupku.<\/p>\n\n\n\n<p>Kao i \u0110ukanovi\u0107, i njena odbrana je tokom \u010ditavog postupka tvrdila da slu\u017ebenica OEBS-a nije po\u010dinila krivi\u010dno djelo koje joj se stavlja na teret, a zatra\u017eena je osloba\u0111aju\u0107a presuda.<\/p>","protected":false},"excerpt":{"rendered":"<p>Jelena \u0110ukanovi\u0107, slu\u017ebenica OEBS-a optu\u017eena za \u0161pijuna\u017eu, danas je na Osnovnom sudu u Pri\u0161tini prvostepeno osu\u0111ena na \u0161est godina zatvora.<\/p>","protected":false},"author":5,"featured_media":917168,"comment_status":"open","ping_status":"open","sticky":false,"template":"","format":"standard","meta":{"_acf_changed":false,"footnotes":"","jetpack_publicize_message":"","jetpack_publicize_feature_enabled":true,"jetpack_social_post_already_shared":true,"jetpack_social_options":{"image_generator_settings":{"template":"highway","default_image_id":0,"font":"","enabled":false},"version":2}},"categories":[13],"tags":[31551,6546,4516,28164],"naslovna":[],"class_list":["post-962982","post","type-post","status-publish","format-standard","has-post-thumbnail","hentry","category-region","tag-6-godina-zatvora","tag-bia","tag-oebs","tag-sluzbenica"],"acf":[],"jetpack_publicize_connections":[],"_links":{"self":[{"href":"https:\/\/gradski.me\/en\/wp-json\/wp\/v2\/posts\/962982","targetHints":{"allow":["GET"]}}],"collection":[{"href":"https:\/\/gradski.me\/en\/wp-json\/wp\/v2\/posts"}],"about":[{"href":"https:\/\/gradski.me\/en\/wp-json\/wp\/v2\/types\/post"}],"author":[{"embeddable":true,"href":"https:\/\/gradski.me\/en\/wp-json\/wp\/v2\/users\/5"}],"replies":[{"embeddable":true,"href":"https:\/\/gradski.me\/en\/wp-json\/wp\/v2\/comments?post=962982"}],"version-history":[{"count":1,"href":"https:\/\/gradski.me\/en\/wp-json\/wp\/v2\/posts\/962982\/revisions"}],"predecessor-version":[{"id":962983,"href":"https:\/\/gradski.me\/en\/wp-json\/wp\/v2\/posts\/962982\/revisions\/962983"}],"wp:featuredmedia":[{"embeddable":true,"href":"https:\/\/gradski.me\/en\/wp-json\/wp\/v2\/media\/917168"}],"wp:attachment":[{"href":"https:\/\/gradski.me\/en\/wp-json\/wp\/v2\/media?parent=962982"}],"wp:term":[{"taxonomy":"category","embeddable":true,"href":"https:\/\/gradski.me\/en\/wp-json\/wp\/v2\/categories?post=962982"},{"taxonomy":"post_tag","embeddable":true,"href":"https:\/\/gradski.me\/en\/wp-json\/wp\/v2\/tags?post=962982"},{"taxonomy":"naslovna","embeddable":true,"href":"https:\/\/gradski.me\/en\/wp-json\/wp\/v2\/naslovna?post=962982"}],"curies":[{"name":"wp","href":"https:\/\/api.w.org\/{rel}","templated":true}]}}