{"id":962977,"date":"2026-04-27T21:12:00","date_gmt":"2026-04-27T19:12:00","guid":{"rendered":"https:\/\/gradski.me\/?p=962977"},"modified":"2026-04-27T21:05:43","modified_gmt":"2026-04-27T19:05:43","slug":"dvije-premijere-za-podgoricku-publiku","status":"publish","type":"post","link":"https:\/\/gradski.me\/en\/kultura\/dvije-premijere-za-podgoricku-publiku\/","title":{"rendered":"Dvije premijere za podgori\u010dku publiku"},"content":{"rendered":"<p><br><\/p>\n\n\n\n<p><\/p>\n\n\n\n<p>Na programu \u0107e se na\u0107i Kova\u010deva djela za klavir \u201eElegija\u201c (2019); \u201ePoema\u201c (2012); \u201eMisti\u010dna ispovijest Svetog Vasilija Ostro\u0161kog i Tvrdo\u0161kog\u201c (2020); \u0161est pjesama za flautu i klavir \u201eMale scene\u201c (2015); \u201eHilandar\u201c &#8211; mala svita za violon\u010delo i klavir (2025), te premijerno \u201eSlovenska antiteza\u201c u verziji za klavir \u010detvororu\u010dno (2025); \u201eSuze\u201c u verziji za harmoniku (2026), kao i premijera minijature za violinu \u201ePuteljak\u201c (2012). <\/p>\n\n\n\n<p>Djela \u0107e, uz kompozitora koji \u0107e nastupiti za klavirom, izvoditi i Sava Vuja\u010di\u0107 (harmonika), Marija \u0110ur\u0111evi\u0107-Ili\u0107 (flauta), Marija \u0110uranovi\u0107 (violina), Dmitrij Prokofjev (violon\u010delo), kao i klavirski duo \u201eDiatonicca\u201c, u sastavu Katarina Nikoli\u0107 i Nikola Vu\u010dkovi\u0107.<\/p>\n\n\n\n<p>Marko Kova\u010d je srednjo\u0161kolsko muzi\u010dko obrazovanje stekao na odsjeku za klavir u Umjetni\u010dkoj \u0161koli za muziku i balet \u201eVasa Pavi\u0107\u201c u Podgorici. Osnovne i master studije kompozicije zavr\u0161io je na Fakultetu muzi\u010dke umetnosti u Beogradu (FMU), gdje je trenutno na zavr\u0161noj godini doktorskih studija. Njegova djela izvo\u0111ena su u Francuskoj, Velikoj Britaniji, Belgiji, Italiji, Poljskoj, Malti, Rusiji, Kini, kao i u zemljama regiona. Autor je porud\u017ebina za festivale poput BEMUS-a, \u010celo festa, Kotor Arta i Evropskog festivala mladih.<\/p>\n\n\n\n<p>Program koncerta je posve\u0107en obilje\u017eavanju dvije decenije od obnove nezavisnosti Crne Gore i 55 godina od osnivanja CANU. Projekat se realizuje u partnerstvu CANU, Fondacije \u201eMilo\u0161 Karadagli\u0107\u201c i kompanije Vitlok d. o. o., uz podr\u0161ku Organizacije za za\u0161titu prava autora muzike Crne Gore (PAM CG).<\/p>","protected":false},"excerpt":{"rendered":"<p>Autorski koncert kompozitora Marka Kova\u010da, tre\u0107i u okviru ciklusa \u201eMladi crnogorski kompozitori\u201c, bi\u0107e odr\u017ean u utorak, 28. aprila u 20 sati, u Crnogorskoj akademiji nauka i umjetnosti.<\/p>","protected":false},"author":5,"featured_media":962978,"comment_status":"open","ping_status":"open","sticky":false,"template":"","format":"standard","meta":{"_acf_changed":false,"footnotes":"","jetpack_publicize_message":"","jetpack_publicize_feature_enabled":true,"jetpack_social_post_already_shared":true,"jetpack_social_options":{"image_generator_settings":{"template":"highway","default_image_id":0,"font":"","enabled":false},"version":2}},"categories":[11],"tags":[20469,6731,31354],"naslovna":[],"class_list":["post-962977","post","type-post","status-publish","format-standard","has-post-thumbnail","hentry","category-kultura","tag-autorsko-vece","tag-canu","tag-marko-kovac"],"acf":[],"jetpack_publicize_connections":[],"_links":{"self":[{"href":"https:\/\/gradski.me\/en\/wp-json\/wp\/v2\/posts\/962977","targetHints":{"allow":["GET"]}}],"collection":[{"href":"https:\/\/gradski.me\/en\/wp-json\/wp\/v2\/posts"}],"about":[{"href":"https:\/\/gradski.me\/en\/wp-json\/wp\/v2\/types\/post"}],"author":[{"embeddable":true,"href":"https:\/\/gradski.me\/en\/wp-json\/wp\/v2\/users\/5"}],"replies":[{"embeddable":true,"href":"https:\/\/gradski.me\/en\/wp-json\/wp\/v2\/comments?post=962977"}],"version-history":[{"count":3,"href":"https:\/\/gradski.me\/en\/wp-json\/wp\/v2\/posts\/962977\/revisions"}],"predecessor-version":[{"id":962981,"href":"https:\/\/gradski.me\/en\/wp-json\/wp\/v2\/posts\/962977\/revisions\/962981"}],"wp:featuredmedia":[{"embeddable":true,"href":"https:\/\/gradski.me\/en\/wp-json\/wp\/v2\/media\/962978"}],"wp:attachment":[{"href":"https:\/\/gradski.me\/en\/wp-json\/wp\/v2\/media?parent=962977"}],"wp:term":[{"taxonomy":"category","embeddable":true,"href":"https:\/\/gradski.me\/en\/wp-json\/wp\/v2\/categories?post=962977"},{"taxonomy":"post_tag","embeddable":true,"href":"https:\/\/gradski.me\/en\/wp-json\/wp\/v2\/tags?post=962977"},{"taxonomy":"naslovna","embeddable":true,"href":"https:\/\/gradski.me\/en\/wp-json\/wp\/v2\/naslovna?post=962977"}],"curies":[{"name":"wp","href":"https:\/\/api.w.org\/{rel}","templated":true}]}}