{"id":962974,"date":"2026-04-27T19:45:00","date_gmt":"2026-04-27T17:45:00","guid":{"rendered":"https:\/\/gradski.me\/?p=962974"},"modified":"2026-04-27T19:13:13","modified_gmt":"2026-04-27T17:13:13","slug":"milatovic-sjutra-na-samitu-inicijative-tri-mora-jacanje-pozicije-drzave-u-evropskim-infrastrukturnim-tokovima","status":"publish","type":"post","link":"https:\/\/gradski.me\/en\/politika\/milatovic-sjutra-na-samitu-inicijative-tri-mora-jacanje-pozicije-drzave-u-evropskim-infrastrukturnim-tokovima\/","title":{"rendered":"Milatovi\u0107 participates in the Three Seas Initiative Summit"},"content":{"rendered":"<p><br><br><\/p>\n\n\n\n<p>Kako su pojasnili, rije\u010d je o jednom od najzna\u010dajnijih regionalnih foruma posve\u0107enih ja\u010danju infrastrukturne povezanosti, investicija i ekonomske otpornosti u Centralnoj i Jugoisto\u010dnoj Evropi.<\/p>\n\n\n\n<p>\u201cOvogodi\u0161nje u\u010de\u0161\u0107e Crne Gore ima dodatni zna\u010daj, imaju\u0107i u vidu da na Samitu u\u010destvujemo u svojstvu pridru\u017eene dr\u017eave u\u010desnice, \u0161to je rezultat sna\u017enog diplomatskog anga\u017emana Milatovi\u0107a i njegove inicijative za aktivnije uklju\u010divanje Crne Gore u klju\u010dne regionalne formate saradnje\u201d, istakli su.<\/p>\n\n\n\n<p>Tokom boravka u Dubrovniku, kako su dodali, Milatovi\u0107 \u0107e u\u010destvovati na plenarnoj sesiji Samita, koja \u0107e okupiti lidere dr\u017eava u\u010desnica u cilju razmatranja klju\u010dnih pravaca daljeg razvoja regionalne saradnje, ja\u010danja ekonomske stabilnosti i unapre\u0111enja strate\u0161ke povezanosti, posebno u oblastima energetike, transporta i digitalne infrastrukture.<\/p>\n\n\n\n<p>\u201cU okviru posjete predvi\u0111en je i zna\u010dajan broj bilateralnih sastanaka sa visokim zvani\u010dnicima i predstavnicima me\u0111unarodnih finansijskih institucija. Milatovi\u0107 \u0107e se sastati sa predsjednikom Vlade Hrvatske Andrejem Plenkovi\u0107em, potpredsjednikom Evropske investicione banke, te guvernerom Japanske banke za me\u0111unarodnu saradnju. Predvi\u0111en je i sastanak sa visokim predstavnicima Evropske banke za obnovu i razvoj (EBRD), na kojem \u0107e se razgovarati o konkretnim investicionim projektima i finansijskoj podr\u0161ci razvojnim prioritetima regiona\u201d, navodi se u saop\u0161tenju.<\/p>\n\n\n\n<p>Pomenuti sastanci, kako su kazali, predstavlja\u0107e va\u017enu priliku za ja\u010danje ekonomske saradnje, razmjenu mi\u0161ljenja o klju\u010dnim infrastrukturnim projektima, diversifikaciju izvora finansiranja, kao i unapre\u0111enje energetske i transportne povezanosti Crne Gore sa regionom i \u0161irim evropskim prostorom.<\/p>\n\n\n\n<p>\u201cU\u010de\u0161\u0107e na Samitu Inicijative tri mora predstavlja dodatnu potvrdu aktivne uloge Crne Gore u regionalnim procesima, kao i njene posve\u0107enosti ja\u010danju ekonomske saradnje, stabilnosti i povezivanja, u skladu sa strate\u0161kim prioritetima razvoja dr\u017eave\u201d, zaklju\u010dili su.<\/p>\n\n\n\n<p><\/p>","protected":false},"excerpt":{"rendered":"<p>Predsjednik Crne Gore Jakov Milatovi\u0107 u\u010destvova\u0107e sjutra na Samitu Inicijative tri mora u Dubrovniku, saop\u0161tila je njegova Kancelarija za odnose s javno\u0161\u0107u.<\/p>","protected":false},"author":5,"featured_media":919708,"comment_status":"open","ping_status":"open","sticky":false,"template":"","format":"standard","meta":{"_acf_changed":false,"footnotes":"","jetpack_publicize_message":"","jetpack_publicize_feature_enabled":true,"jetpack_social_post_already_shared":true,"jetpack_social_options":{"image_generator_settings":{"template":"highway","default_image_id":0,"font":"","enabled":false},"version":2}},"categories":[7],"tags":[16907,78,31550],"naslovna":[],"class_list":["post-962974","post","type-post","status-publish","format-standard","has-post-thumbnail","hentry","category-politika","tag-inicijative","tag-jakov-milatovic","tag-tri-mora"],"acf":[],"jetpack_publicize_connections":[],"_links":{"self":[{"href":"https:\/\/gradski.me\/en\/wp-json\/wp\/v2\/posts\/962974","targetHints":{"allow":["GET"]}}],"collection":[{"href":"https:\/\/gradski.me\/en\/wp-json\/wp\/v2\/posts"}],"about":[{"href":"https:\/\/gradski.me\/en\/wp-json\/wp\/v2\/types\/post"}],"author":[{"embeddable":true,"href":"https:\/\/gradski.me\/en\/wp-json\/wp\/v2\/users\/5"}],"replies":[{"embeddable":true,"href":"https:\/\/gradski.me\/en\/wp-json\/wp\/v2\/comments?post=962974"}],"version-history":[{"count":2,"href":"https:\/\/gradski.me\/en\/wp-json\/wp\/v2\/posts\/962974\/revisions"}],"predecessor-version":[{"id":962976,"href":"https:\/\/gradski.me\/en\/wp-json\/wp\/v2\/posts\/962974\/revisions\/962976"}],"wp:featuredmedia":[{"embeddable":true,"href":"https:\/\/gradski.me\/en\/wp-json\/wp\/v2\/media\/919708"}],"wp:attachment":[{"href":"https:\/\/gradski.me\/en\/wp-json\/wp\/v2\/media?parent=962974"}],"wp:term":[{"taxonomy":"category","embeddable":true,"href":"https:\/\/gradski.me\/en\/wp-json\/wp\/v2\/categories?post=962974"},{"taxonomy":"post_tag","embeddable":true,"href":"https:\/\/gradski.me\/en\/wp-json\/wp\/v2\/tags?post=962974"},{"taxonomy":"naslovna","embeddable":true,"href":"https:\/\/gradski.me\/en\/wp-json\/wp\/v2\/naslovna?post=962974"}],"curies":[{"name":"wp","href":"https:\/\/api.w.org\/{rel}","templated":true}]}}