{"id":962972,"date":"2026-04-27T21:19:00","date_gmt":"2026-04-27T19:19:00","guid":{"rendered":"https:\/\/gradski.me\/?p=962972"},"modified":"2026-04-27T20:26:54","modified_gmt":"2026-04-27T18:26:54","slug":"vremenska-prognoza-sjutra-do-27-stepeni","status":"publish","type":"post","link":"https:\/\/gradski.me\/en\/drustvo\/vremenska-prognoza-sjutra-do-27-stepeni\/","title":{"rendered":"Vremenska prognoza: Sjutra do 27 stepeni"},"content":{"rendered":"<p><br><\/p>\n\n\n\n<p><br><\/p>\n\n\n\n<p>Kako je saop\u0161teno iz Zavoda za hidrometeorologiju i seizmologiju, na sjeveru \u0107e biti malo do umjereno obla\u010dno sa du\u017eim periodima sun\u010danog vremena u prvom dijelu dana i uglavnom suvo.<\/p>\n\n\n\n<p>Na sjeveru je poslijepodne mogu\u0107a samo veoma rijetka pojava kratkotrajne ki\u0161e.<\/p>\n\n\n\n<p>Vjetar \u0107e biti uglavnom slab, pomjenljivog smjera.<\/p>\n\n\n\n<p>Jutarnja temperatura vazduha od nula do 14, najvi\u0161a dnevna od 16 do 27 stepeni.<\/p>","protected":false},"excerpt":{"rendered":"<p>U ju\u017enim i centralnim oblastima Crne Gore sjutra \u0107e biti prete\u017eno sun\u010dano, uz slab do umjeren lokalni razvoj obla\u010dnosti tokom dana.<\/p>","protected":false},"author":5,"featured_media":922156,"comment_status":"open","ping_status":"open","sticky":false,"template":"","format":"standard","meta":{"_acf_changed":false,"footnotes":"","jetpack_publicize_message":"","jetpack_publicize_feature_enabled":true,"jetpack_social_post_already_shared":true,"jetpack_social_options":{"image_generator_settings":{"template":"highway","default_image_id":0,"font":"","enabled":false},"version":2}},"categories":[9],"tags":[31549,7237],"naslovna":[],"class_list":["post-962972","post","type-post","status-publish","format-standard","has-post-thumbnail","hentry","category-drustvo","tag-27-stepeni","tag-prognoza"],"acf":[],"jetpack_publicize_connections":[],"_links":{"self":[{"href":"https:\/\/gradski.me\/en\/wp-json\/wp\/v2\/posts\/962972","targetHints":{"allow":["GET"]}}],"collection":[{"href":"https:\/\/gradski.me\/en\/wp-json\/wp\/v2\/posts"}],"about":[{"href":"https:\/\/gradski.me\/en\/wp-json\/wp\/v2\/types\/post"}],"author":[{"embeddable":true,"href":"https:\/\/gradski.me\/en\/wp-json\/wp\/v2\/users\/5"}],"replies":[{"embeddable":true,"href":"https:\/\/gradski.me\/en\/wp-json\/wp\/v2\/comments?post=962972"}],"version-history":[{"count":1,"href":"https:\/\/gradski.me\/en\/wp-json\/wp\/v2\/posts\/962972\/revisions"}],"predecessor-version":[{"id":962973,"href":"https:\/\/gradski.me\/en\/wp-json\/wp\/v2\/posts\/962972\/revisions\/962973"}],"wp:featuredmedia":[{"embeddable":true,"href":"https:\/\/gradski.me\/en\/wp-json\/wp\/v2\/media\/922156"}],"wp:attachment":[{"href":"https:\/\/gradski.me\/en\/wp-json\/wp\/v2\/media?parent=962972"}],"wp:term":[{"taxonomy":"category","embeddable":true,"href":"https:\/\/gradski.me\/en\/wp-json\/wp\/v2\/categories?post=962972"},{"taxonomy":"post_tag","embeddable":true,"href":"https:\/\/gradski.me\/en\/wp-json\/wp\/v2\/tags?post=962972"},{"taxonomy":"naslovna","embeddable":true,"href":"https:\/\/gradski.me\/en\/wp-json\/wp\/v2\/naslovna?post=962972"}],"curies":[{"name":"wp","href":"https:\/\/api.w.org\/{rel}","templated":true}]}}