{"id":962944,"date":"2026-04-27T19:33:00","date_gmt":"2026-04-27T17:33:00","guid":{"rendered":"https:\/\/gradski.me\/?p=962944"},"modified":"2026-04-27T18:45:33","modified_gmt":"2026-04-27T16:45:33","slug":"carapic-neprilagodjena-brzina-i-nekultura-u-saobracaju-najcesce-dovode-do-tragicnih-ishoda","status":"publish","type":"post","link":"https:\/\/gradski.me\/en\/hronika\/carapic-neprilagodjena-brzina-i-nekultura-u-saobracaju-najcesce-dovode-do-tragicnih-ishoda\/","title":{"rendered":"(VIDEO) \u010carapi\u0107: Inappropriate speed and lack of culture in traffic most often lead to tragic outcomes"},"content":{"rendered":"<h1 class=\"wp-block-heading\"><\/h1>\n\n\n\n<p>Na raskrsnici kod mosta Milenijum prethodne sedmice dogodila se jo\u0161 jedna saobra\u0107ajna nezgoda u kojoj su povrije\u0111ene tri osobe. Ta lokacija smatra se kriti\u010dnom, a kao razlozi stru\u010dnjaci nagla\u0161avaju neprilago\u0111enu brzina i nepo\u0161tovanje signalizacije, zbog \u010dega apeluju na hitne preventivne mjere.<\/p>\n\n\n\n<p>Crna Gora ve\u0107 du\u017ee bilje\u017ei zabrinjavaju\u0107u statistiku kada je rije\u010d o bezbjednosti u saobra\u0107aju, iako su, kako je nagla\u0161eno, uzroci nesre\u0107a naj\u010de\u0161\u0107e dobro poznati.<\/p>\n\n\n\n<p>&#8222;Na\u0161e pona\u0161anje u saobra\u0107aju, nekultura, zatim neprilago\u0111ene brzine i sli\u010dno dovode do ovakvog ishoda i jednostavno poku\u0161avaju\u0107i kroz neke druge aktivnosti, da se sprije\u010di, to malo ide usporeno, ali nadam se, da u nekom narednom periodu, bi\u0107e i tu nekih pomaka&#8220;, kazao je \u010carapi\u0107.<\/p>\n\n\n\n<p>Stru\u010dnjaci upozoravaju da bi se veliki broj nezgoda mogao izbje\u0107i jednostavnim po\u0161tovanjem propisa i prilago\u0111avanjem vo\u017enje uslovima na putu.<\/p>\n\n\n\n<p>&#8222;Crna Gora je, na \u017ealost, prepoznatljiva kao jedna od vode\u0107ih dr\u017eava, po broju stradalih lica &#8211; na milion stanovnika, kako se to statisti\u010dki broji ili da ka\u017eem da je to otprilike jedno 115 ljudi na milion stanovnika. Tako da, a na 100 hiljada stanovnika oko 12 lica, \u0161to je alarmntna situacija za jednu na\u0161u malu da ka\u017eem relativno dr\u017eavu kao \u0161to je Crna Gora&#8220;, istakao je \u010carapi\u0107.<\/p>\n\n\n\n<p>Kada je rije\u010d o raskrsnici kod mosta Milenijum, problem je dodatno izra\u017een zbog njene frekventnosti, ali i pona\u0161anja voza\u010da u periodima slabijeg saobra\u0107aja.<\/p>\n\n\n\n<p>&#8222;Uo\u010dio sam da se te saobra\u0107ajne nezgode de\u0161avaju ili u kasnim ve\u010dernjim satima ili u ranim jutarnjim satima. Kada je gustina saobra\u0107aja u tim raskrsnicama mala i kada se posti\u017eu relativno ve\u0107e brzine, kako voza\u010di u takvim saobra\u0107ajnim situacijama nemaju mogu\u0107nost bilo kakvog reagovanja i izbjegavanja nezgode&#8220;, kazao je \u010carapi\u0107.<\/p>\n\n\n\n<p>Ipak, ova lokacija nije jedina \u2013 sli\u010dni obrasci bilje\u017ee se i na drugim prometnim raskrsnicama u gradu.<\/p>\n\n\n\n<p>&#8222;Posebno na najfrekventijim raskrsnicama, recimo kod Panonke. To je tamo kod Tehnomaxa, raskrsnica sa smrtnim posljedicama. Ovdje imate kod zgrade stare Vlade, tako\u0111e udese sa smrtnih posljedicama, kao i kod zgrade Maxim&#8220;, naveo je \u010carapi\u0107.<\/p>\n\n\n\n<p>Jedno od mogu\u0107ih rje\u0161enja vidi se u ja\u010danju kontrole i preventivnim mjerama, posebno kada je rije\u010d o prekora\u010denju brzine.<\/p>\n\n\n\n<p>&#8222;Postoje neki planovi ili programi da se postavi neki stacionarni radari da li \u0107e se to postavljati. Moj predlog je bio, sugestija, da se oni postave na ulicama bulevarskog tipa, da se tu smanji brzina i da se tu eventualno reaguje na nekom pravcu preventive odnosno smanjenja broja saobra\u0107ajnih nezgoda&#8220;, kazao je \u010carapi\u0107.<\/p>\n\n\n\n<p>I dok se \u010dekaju konkretne mjere i dugoro\u010dna rje\u0161enja, ostaje jasno da klju\u010d bezbjednijih puteva nije samo u infrastrukturi, ve\u0107 i u odgovornijem pona\u0161anju svih u\u010desnika u saobra\u0107aju. Upravo od toga zavisi ho\u0107e li se crna statistika kona\u010dno po\u010deti smanjivati.<\/p>\n\n\n\n<figure class=\"wp-block-embed is-type-video is-provider-youtube wp-block-embed-youtube wp-embed-aspect-16-9 wp-has-aspect-ratio\"><div class=\"wp-block-embed__wrapper\">\n<iframe title=\"\u010carapi\u0107: Neprilago\u0111ena brzina i nekultura u saobra\u0107aju naj\u010de\u0161\u0107e dovode do tragi\u010dnih ishoda\" width=\"800\" height=\"450\" src=\"https:\/\/www.youtube.com\/embed\/UZV0qvnfoY8?feature=oembed\" frameborder=\"0\" allow=\"accelerometer; autoplay; clipboard-write; encrypted-media; gyroscope; picture-in-picture; web-share\" referrerpolicy=\"strict-origin-when-cross-origin\" allowfullscreen><\/iframe>\n<\/div><\/figure>","protected":false},"excerpt":{"rendered":"<p>Na\u0161e pona\u0161anje u saobra\u0107aju, neprilago\u0111ena brzina i saobra\u0107ajna nekultura dovode do saobra\u0107ajnih nezgoda i to je glavni razlog, istakao je saobra\u0107ajni vje\u0161tak, Goran \u010carapi\u0107.<\/p>","protected":false},"author":8,"featured_media":962958,"comment_status":"open","ping_status":"open","sticky":false,"template":"","format":"standard","meta":{"_acf_changed":false,"footnotes":"","jetpack_publicize_message":"","jetpack_publicize_feature_enabled":true,"jetpack_social_post_already_shared":true,"jetpack_social_options":{"image_generator_settings":{"template":"highway","default_image_id":0,"font":"","enabled":false},"version":2}},"categories":[10],"tags":[14007,31547],"naslovna":[910],"class_list":["post-962944","post","type-post","status-publish","format-standard","has-post-thumbnail","hentry","category-hronika","tag-goran-carapic","tag-saobracajni-vjestak","naslovna-preporuceno"],"acf":[],"jetpack_publicize_connections":[],"_links":{"self":[{"href":"https:\/\/gradski.me\/en\/wp-json\/wp\/v2\/posts\/962944","targetHints":{"allow":["GET"]}}],"collection":[{"href":"https:\/\/gradski.me\/en\/wp-json\/wp\/v2\/posts"}],"about":[{"href":"https:\/\/gradski.me\/en\/wp-json\/wp\/v2\/types\/post"}],"author":[{"embeddable":true,"href":"https:\/\/gradski.me\/en\/wp-json\/wp\/v2\/users\/8"}],"replies":[{"embeddable":true,"href":"https:\/\/gradski.me\/en\/wp-json\/wp\/v2\/comments?post=962944"}],"version-history":[{"count":2,"href":"https:\/\/gradski.me\/en\/wp-json\/wp\/v2\/posts\/962944\/revisions"}],"predecessor-version":[{"id":962963,"href":"https:\/\/gradski.me\/en\/wp-json\/wp\/v2\/posts\/962944\/revisions\/962963"}],"wp:featuredmedia":[{"embeddable":true,"href":"https:\/\/gradski.me\/en\/wp-json\/wp\/v2\/media\/962958"}],"wp:attachment":[{"href":"https:\/\/gradski.me\/en\/wp-json\/wp\/v2\/media?parent=962944"}],"wp:term":[{"taxonomy":"category","embeddable":true,"href":"https:\/\/gradski.me\/en\/wp-json\/wp\/v2\/categories?post=962944"},{"taxonomy":"post_tag","embeddable":true,"href":"https:\/\/gradski.me\/en\/wp-json\/wp\/v2\/tags?post=962944"},{"taxonomy":"naslovna","embeddable":true,"href":"https:\/\/gradski.me\/en\/wp-json\/wp\/v2\/naslovna?post=962944"}],"curies":[{"name":"wp","href":"https:\/\/api.w.org\/{rel}","templated":true}]}}