{"id":962939,"date":"2026-04-27T19:20:00","date_gmt":"2026-04-27T17:20:00","guid":{"rendered":"https:\/\/gradski.me\/?p=962939"},"modified":"2026-04-27T18:28:33","modified_gmt":"2026-04-27T16:28:33","slug":"video-brajovic-nakon-novih-mjera-fotografisanje-u-kccg-zadiranje-u-privatnost-zaposlenih","status":"publish","type":"post","link":"https:\/\/gradski.me\/en\/drustvo\/video-brajovic-nakon-novih-mjera-fotografisanje-u-kccg-zadiranje-u-privatnost-zaposlenih\/","title":{"rendered":"(VIDEO) Brajovi\u0107 after new measures: Taking photos at KCCG is an invasion of employees' privacy"},"content":{"rendered":"<p><\/p>\n\n\n\n<p><\/p>\n\n\n\n<p>U Klini\u010dkom centru Crne Gore uvodi se nova mjera kontrole \u2013 obavezno fotografisanje zaposlenih pri svakom ulasku i izlasku iz ustanove. Iz Sindikata slobodnih radnika upozoravaju da je rije\u010d o zadiranju u privatnost i prikupljanju biometrijskih podataka, uz mogu\u0107e kr\u0161enje Zakona o za\u0161titi podataka o li\u010dnosti.<\/p>\n\n\n\n<p>&#8222;To se radi zbog doktora koji nisu radili prekovremeni dopunski rad nego su ga odra\u0111ivali u toku svog radnog vremena. A onda kada su trebali da do\u0111u zbog \u010dega su pla\u0107eni, nisu dolazili. Poenta u svemu je, da, \u017eelimo kontrolu, ali postoje na\u010dini te kontrole&#8220;, kazao je sekretar Sindikata slobodnih radnika KCCG Slobodan Brajovi\u0107.<\/p>\n\n\n\n<p>Samo dvije ekipe Hitne medicinske pomo\u0107i pokrivaju oko 200.000 stanovnika, \u0161to, prema ocjeni Brajovi\u0107a, nije ni pribli\u017eno dovoljno za adekvatno funkcionisanje sistema.<\/p>\n\n\n\n<p>&#8222;Kako im je promaklo da u granskom kolektivnom ugovoru voza\u010da hitne medicinske pomo\u0107i tretiraju kao nemedicinskog radnika, kako? I on nije imao pove\u0107anje. A u Zakonu o hitnoj medicinskoj pomo\u0107i po \u010dlanu 10 pi\u0161e da ekipu hitne medicinske pomo\u0107i\u00a0 rade tehni\u010dari i voza\u010d koji je medicinski tehni\u010dar&#8220;, ka\u017ee Brajovi\u0107.<\/p>\n\n\n\n<p>Dugotrajan stres i zahtjevni uslovi rada, dodaje Brajovi\u0107, ostavljaju ozbiljne posljedice po njihovo zdravlje. <\/p>\n\n\n\n<p>&#8222;Svakih mjesec dana ili 15 dana \u010dujemo ili da nam je neko od kolega preminuo ili da nam je obolio od raznih bolesti. Maligniteta imate koliko ho\u0107ete&#8220;, zaklju\u010dio je on. <\/p>\n\n\n\n<p>U Zavodu za hitnu medicinsku pomo\u0107 trenutno radi 125 ljekara, me\u0111u kojima je 25 specijalista, dok se osam doktora nalazi na specijalizaciji. U Klini\u010dkom centru Crne Gore zaposleno je oko tri hiljade ljudi, a u ukupnom zdravstvenom sistemu dr\u017eave vi\u0161e od 10 hiljada radnika. Pored tih brojki, Sindikat upozorava da su kapaciteti nedovoljni, a zarade pogotovo nemedicinskog i kadra &#8211; ostaju ozbiljan izazov.<\/p>\n\n\n\n<figure class=\"wp-block-embed is-type-video is-provider-youtube wp-block-embed-youtube wp-embed-aspect-4-3 wp-has-aspect-ratio\"><div class=\"wp-block-embed__wrapper\">\n<iframe title=\"Brajovi\u0107 nakon novih mjera: Fotografisanje u KCCG zadiranje u privatnost zaposlenih\" width=\"800\" height=\"450\" src=\"https:\/\/www.youtube.com\/embed\/ZIUctx4wMpU?feature=oembed\" frameborder=\"0\" allow=\"accelerometer; autoplay; clipboard-write; encrypted-media; gyroscope; picture-in-picture; web-share\" referrerpolicy=\"strict-origin-when-cross-origin\" allowfullscreen><\/iframe>\n<\/div><\/figure>","protected":false},"excerpt":{"rendered":"<p>Izmjenom Odluke o elektronskom evidentiranju koja podrazumijeva obavezno fotografisanje svakog zaposlenog prilikom ulaska i izlaska iz KCCG, dio zaposlenih upozorava na zadiranje u privatnost i mogu\u0107e kr\u0161enje zakona. Istovremeno, nedovoljne zarade i sve te\u017ei uslovi, kako smatraju, ozbiljno ugro\u017eavaju zdravlje zaposlenih.<\/p>","protected":false},"author":13,"featured_media":962942,"comment_status":"open","ping_status":"open","sticky":false,"template":"","format":"standard","meta":{"_acf_changed":false,"footnotes":"","jetpack_publicize_message":"","jetpack_publicize_feature_enabled":true,"jetpack_social_post_already_shared":true,"jetpack_social_options":{"image_generator_settings":{"template":"highway","default_image_id":0,"font":"","enabled":false},"version":2}},"categories":[9],"tags":[311,31546,31545],"naslovna":[910],"class_list":["post-962939","post","type-post","status-publish","format-standard","has-post-thumbnail","hentry","category-drustvo","tag-kccg","tag-nove-mjere","tag-slobodan-brajovic","naslovna-preporuceno"],"acf":[],"jetpack_publicize_connections":[],"_links":{"self":[{"href":"https:\/\/gradski.me\/en\/wp-json\/wp\/v2\/posts\/962939","targetHints":{"allow":["GET"]}}],"collection":[{"href":"https:\/\/gradski.me\/en\/wp-json\/wp\/v2\/posts"}],"about":[{"href":"https:\/\/gradski.me\/en\/wp-json\/wp\/v2\/types\/post"}],"author":[{"embeddable":true,"href":"https:\/\/gradski.me\/en\/wp-json\/wp\/v2\/users\/13"}],"replies":[{"embeddable":true,"href":"https:\/\/gradski.me\/en\/wp-json\/wp\/v2\/comments?post=962939"}],"version-history":[{"count":1,"href":"https:\/\/gradski.me\/en\/wp-json\/wp\/v2\/posts\/962939\/revisions"}],"predecessor-version":[{"id":962950,"href":"https:\/\/gradski.me\/en\/wp-json\/wp\/v2\/posts\/962939\/revisions\/962950"}],"wp:featuredmedia":[{"embeddable":true,"href":"https:\/\/gradski.me\/en\/wp-json\/wp\/v2\/media\/962942"}],"wp:attachment":[{"href":"https:\/\/gradski.me\/en\/wp-json\/wp\/v2\/media?parent=962939"}],"wp:term":[{"taxonomy":"category","embeddable":true,"href":"https:\/\/gradski.me\/en\/wp-json\/wp\/v2\/categories?post=962939"},{"taxonomy":"post_tag","embeddable":true,"href":"https:\/\/gradski.me\/en\/wp-json\/wp\/v2\/tags?post=962939"},{"taxonomy":"naslovna","embeddable":true,"href":"https:\/\/gradski.me\/en\/wp-json\/wp\/v2\/naslovna?post=962939"}],"curies":[{"name":"wp","href":"https:\/\/api.w.org\/{rel}","templated":true}]}}