{"id":962932,"date":"2026-04-27T19:59:00","date_gmt":"2026-04-27T17:59:00","guid":{"rendered":"https:\/\/gradski.me\/?p=962932"},"modified":"2026-04-27T18:49:29","modified_gmt":"2026-04-27T16:49:29","slug":"video-svecanim-urucenjem-nagrada-poceli-dani-dragana-radulovica-slavlje-djetinjstva-stvaralastva-i-ljepote-pisane-rijeci","status":"publish","type":"post","link":"https:\/\/gradski.me\/en\/kultura\/video-svecanim-urucenjem-nagrada-poceli-dani-dragana-radulovica-slavlje-djetinjstva-stvaralastva-i-ljepote-pisane-rijeci\/","title":{"rendered":"(VIDEO) Dragan Radulovi\u0107 Days: A Celebration of Childhood, Creativity and the Beauty of the Written Word Begins with Award Ceremony"},"content":{"rendered":"<p><br><br>Manifestaciju \u201cDani Dragana Radulovi\u0107a\u201d sve\u010dano je otvorila zamjenica gradona\u010delnika Podgorice Na\u0111a Ljiljani\u0107, koja je ukazala na zna\u010daj ostav\u0161tine Dragana Radulovi\u0107a. Istakla je da njegovo stvarala\u0161tvo ostaje trajni temelj za sve generacije.<br><br>&#8222;Danas se okupljamo ne samo da otvorimo jednu manifestaciju, ve\u0107 da otvorimo prostor sje\u0107anja, ma\u0161te i ljubavi. Onaj prostor koji je Dragan Radulovi\u0107 svojim rije\u010dima tako nje\u017eno i trajno izgradio za sve nas. Njegova djela nisu bila samo pri\u010de za djecu. Bila su to mala \u010duda, svjetovi u kojima se u\u010di o dobroti, prijateljstvu, hrabrosti i onim najva\u017enijim vrijednostima koje nas oblikuju kao ljude. Zato dani Dragana Radulovi\u0107a nisu samo podsje\u0107anje na jednog velikog autora, ve\u0107 i slavlje, djetinjstva, stvarala\u0161tva i ljepote pisane rije\u010di&#8220;, kazala je Ljiljani\u0107.<br>Dodijeljene su i nagrade za najbolju knjigu za djecu u 2025. godini koju dodjeljuje Udru\u017eenje crnogorskih pisaca za djecu i mlade, a dobitnici su Sonja \u017divaljevi\u0107, Velimir Ralevi\u0107 i \u017darko Vu\u010dini\u0107 za zbirku \u201e\u010cuvari blaga, Komske pri\u010de 2\u201c.<br><strong><br><\/strong>&#8222;Dobili smo u pogledu radova i u pogledu \u017eanrova vrlo raznovrsna knji\u017eevna ostvarenja, \u0161to je nama, \u010dlanovima \u017eirija, bilo veliko zadovoljstvo da vidimo da Udru\u017eenje crnogorskih pisaca za djecu i mlade kontinuirano radi, stvara i pomjera granice&#8220;,kazala je Dijana Vu\u010dkovi\u0107, predsjednica \u017eirija.<br>Kao kruna ceremonije, presti\u017ena knji\u017eevna nagrada \u201eDragan Radulovi\u0107\u201c za 2025. godinu, pripala je istaknutom srpskom piscu Dejanu Aleksi\u0107u za zbirku pjesama \u201eD\u017einovi, stra\u0161ila i Ne\u0161to Tre\u0107e\u201c.<br><br>&#8222;Pisati za djecu zna\u010di svjesno insistirati na tome da onaj koji pi\u0161e \u0161to du\u017ee ostane dijete. Svako djetinjstvo obilje\u017eavaju dvije klju\u010dne vrijednosti potreba za igrom i radoznalost. Onaj pisac koji ne ra\u010duna na ove vrijednosti kao kvalitete u svom knji\u017eevnom djelu ne\u0107e uspjeti&#8220;, kazao je Aleksi\u0107.<br>Sve\u010danost su uljep\u0161ali mali\u0161ani iz Umjetni\u010dkog ateljea \u201eArlekin<strong>\u201c<\/strong> i hor \u201eZvjezdice\u201c. Program je nastavljen u KIC-u \u201eBudo Tomovi\u0107\u201c izvo\u0111enjem predstave \u201eTobija\u201c sarajevskog Pozori\u0161ta mladih, te promocijom nagra\u0111ene knjige Dejana Aleksi\u0107a.<\/p>\n\n\n\n<figure class=\"wp-block-embed is-type-video is-provider-youtube wp-block-embed-youtube wp-embed-aspect-16-9 wp-has-aspect-ratio\"><div class=\"wp-block-embed__wrapper\">\n<iframe title=\"Sve\u010danim uru\u010denjem nagrada po\u010deli Dani Dragana Radulovi\u0107a\" width=\"800\" height=\"450\" src=\"https:\/\/www.youtube.com\/embed\/_U9CqRXhm18?feature=oembed\" frameborder=\"0\" allow=\"accelerometer; autoplay; clipboard-write; encrypted-media; gyroscope; picture-in-picture; web-share\" referrerpolicy=\"strict-origin-when-cross-origin\" allowfullscreen><\/iframe>\n<\/div><\/figure>\n\n\n\n<p><\/p>","protected":false},"excerpt":{"rendered":"<p>Dvodnevna manifestacija za djecu i mlade \u201cDani Dragana Radulovi\u0107a\u201d, u organizaciji Sekretarijata za kulturu Glavnog grada, danas je sve\u010dano otvorena na platou ispred Narodne biblioteke \u201eRadosav Ljumovi\u0107\u201c. Slavlje pisane rije\u010di okupilo je brojne autore i ljubitelje knji\u017eevnosti, podsje\u0107aju\u0107i na neprolaznu vrijednost Draganovog djela.<\/p>","protected":false},"author":5,"featured_media":962940,"comment_status":"open","ping_status":"open","sticky":false,"template":"","format":"standard","meta":{"_acf_changed":false,"footnotes":"","jetpack_publicize_message":"","jetpack_publicize_feature_enabled":true,"jetpack_social_post_already_shared":true,"jetpack_social_options":{"image_generator_settings":{"template":"highway","default_image_id":0,"font":"","enabled":false},"version":2}},"categories":[11,6],"tags":[31542,31543],"naslovna":[908],"class_list":["post-962932","post","type-post","status-publish","format-standard","has-post-thumbnail","hentry","category-kultura","category-podgorica","tag-dani-dragana-radulovica","tag-svecano-urucenje-nagrada","naslovna-izdvajamo"],"acf":[],"jetpack_publicize_connections":[],"_links":{"self":[{"href":"https:\/\/gradski.me\/en\/wp-json\/wp\/v2\/posts\/962932","targetHints":{"allow":["GET"]}}],"collection":[{"href":"https:\/\/gradski.me\/en\/wp-json\/wp\/v2\/posts"}],"about":[{"href":"https:\/\/gradski.me\/en\/wp-json\/wp\/v2\/types\/post"}],"author":[{"embeddable":true,"href":"https:\/\/gradski.me\/en\/wp-json\/wp\/v2\/users\/5"}],"replies":[{"embeddable":true,"href":"https:\/\/gradski.me\/en\/wp-json\/wp\/v2\/comments?post=962932"}],"version-history":[{"count":6,"href":"https:\/\/gradski.me\/en\/wp-json\/wp\/v2\/posts\/962932\/revisions"}],"predecessor-version":[{"id":962961,"href":"https:\/\/gradski.me\/en\/wp-json\/wp\/v2\/posts\/962932\/revisions\/962961"}],"wp:featuredmedia":[{"embeddable":true,"href":"https:\/\/gradski.me\/en\/wp-json\/wp\/v2\/media\/962940"}],"wp:attachment":[{"href":"https:\/\/gradski.me\/en\/wp-json\/wp\/v2\/media?parent=962932"}],"wp:term":[{"taxonomy":"category","embeddable":true,"href":"https:\/\/gradski.me\/en\/wp-json\/wp\/v2\/categories?post=962932"},{"taxonomy":"post_tag","embeddable":true,"href":"https:\/\/gradski.me\/en\/wp-json\/wp\/v2\/tags?post=962932"},{"taxonomy":"naslovna","embeddable":true,"href":"https:\/\/gradski.me\/en\/wp-json\/wp\/v2\/naslovna?post=962932"}],"curies":[{"name":"wp","href":"https:\/\/api.w.org\/{rel}","templated":true}]}}