{"id":962930,"date":"2026-04-27T20:12:00","date_gmt":"2026-04-27T18:12:00","guid":{"rendered":"https:\/\/gradski.me\/?p=962930"},"modified":"2026-04-27T19:10:32","modified_gmt":"2026-04-27T17:10:32","slug":"video-zanatlije-u-tc-pobrezje-predstavile-rucne-radove-i-unikatne-proizvode-djurovic-u-maju-jos-bogatiji-program","status":"publish","type":"post","link":"https:\/\/gradski.me\/en\/podgorica\/video-zanatlije-u-tc-pobrezje-predstavile-rucne-radove-i-unikatne-proizvode-djurovic-u-maju-jos-bogatiji-program\/","title":{"rendered":"(VIDEO) Craftsmen at TC Pobre\u017eje presented handmade works and unique products; \u0110urovi\u0107: An even richer program in May"},"content":{"rendered":"<p><\/p>\n\n\n\n<p><\/p>\n\n\n\n<p><\/p>\n\n\n\n<p>Izlaga\u010di su pokazali spremnost u razli\u010ditim tehnikama kao \u0161to su pletenje, tkanje, stvaranje unikatnog nakita i keramike.<\/p>\n\n\n\n<p>Izlaga\u010di isti\u010du da je proces, od pripreme do finalnog proizvoda, zahtjevan i tra\u017ei puno strpljenja, vremena i posve\u0107enosti.<\/p>\n\n\n\n<p>Na \u0161tandovima se predstavilo sedam lokalnih kreativaca i zanatlija, koji su na poseban na\u010din pokazali koliko je va\u017eno njegovati ru\u010dni rad i autenti\u010dno stvarala\u0161tvo.<\/p>\n\n\n\n<p>&#8222;Cilj ovog doga\u0111aja jeste prije svega da predstavimo pijacu kao mjesto puno ideja, ma\u0161te, kreativnosti, ali isto tako da pribli\u017eimo zanat i umjetnost na\u0161im gra\u0111anima&#8220;, kazala je Marija \u0110urovi\u0107 iz GP &#8222;Tr\u017enice i pijace&#8220;.<\/p>\n\n\n\n<p>Dodaje da ovakve kreativne ideje daju posebnu energiju gradu.<\/p>\n\n\n\n<p>&#8222;Mi \u0107emo se truditi da imamo \u0161to vi\u0161e ovavih aktiovnosti da ovo pre\u0111e u tradiciju i gdje mo\u017eemo da prika\u017eemo da pijaca mo\u017ee biti inspirativni i kulturni centar, ali prije svega da \u0161irimo dobru i pozitivnu energiju i podr\u017eimo ljude koji rade sa puno truda i ljubavi&#8220;, zaklju\u010dila je ona.<\/p>\n\n\n\n<p>\u0110urovi\u0107 najavljuje da u maju slijede brojne manifestacije koje pripremaju za gra\u0111ane, s ciljem da se obogati kulturni i dru\u0161tveni \u017eivot &#8211; privu\u010de ve\u0107i broj posjetilaca i dodatno unaprijedi turisti\u010dka ponuda Podgorice.<\/p>\n\n\n\n<p><strong>Razgovor sa izlaga\u010dima pogledajte u prilogu:<\/strong><\/p>\n\n\n\n<figure class=\"wp-block-embed is-type-video is-provider-youtube wp-block-embed-youtube wp-embed-aspect-16-9 wp-has-aspect-ratio\"><div class=\"wp-block-embed__wrapper\">\n<iframe title=\"Zanatlije predstavile ru\u010dne radove i unikatne proizvode; \u0110urovi\u0107: U maju jo\u0161 bogatiji program\" width=\"800\" height=\"450\" src=\"https:\/\/www.youtube.com\/embed\/i0-I4ff6INA?feature=oembed\" frameborder=\"0\" allow=\"accelerometer; autoplay; clipboard-write; encrypted-media; gyroscope; picture-in-picture; web-share\" referrerpolicy=\"strict-origin-when-cross-origin\" allowfullscreen><\/iframe>\n<\/div><\/figure>","protected":false},"excerpt":{"rendered":"<p>Tr\u017eni centar Pobre\u017eje danas je bio u znaku kreativnosti i ma\u0161te, gdje su se na posebnom doga\u0111aju predstavili lokalni zanatlije i kreativci. Posjetioci su imali priliku da vide raznovrsne ru\u010dne radove \u2013 od pletenja i tkanja, do unikatnog nakita i keramike, koji nastaju kroz dugotrajan i zahtjevan proces izrade. <\/p>","protected":false},"author":13,"featured_media":962964,"comment_status":"open","ping_status":"open","sticky":false,"template":"","format":"standard","meta":{"_acf_changed":false,"footnotes":"","jetpack_publicize_message":"","jetpack_publicize_feature_enabled":true,"jetpack_social_post_already_shared":true,"jetpack_social_options":{"image_generator_settings":{"template":"highway","default_image_id":0,"font":"","enabled":false},"version":2}},"categories":[6],"tags":[31541,7735],"naslovna":[908],"class_list":["post-962930","post","type-post","status-publish","format-standard","has-post-thumbnail","hentry","category-podgorica","tag-tc-pobrezje","tag-trznice-i-pijace","naslovna-izdvajamo"],"acf":[],"jetpack_publicize_connections":[],"_links":{"self":[{"href":"https:\/\/gradski.me\/en\/wp-json\/wp\/v2\/posts\/962930","targetHints":{"allow":["GET"]}}],"collection":[{"href":"https:\/\/gradski.me\/en\/wp-json\/wp\/v2\/posts"}],"about":[{"href":"https:\/\/gradski.me\/en\/wp-json\/wp\/v2\/types\/post"}],"author":[{"embeddable":true,"href":"https:\/\/gradski.me\/en\/wp-json\/wp\/v2\/users\/13"}],"replies":[{"embeddable":true,"href":"https:\/\/gradski.me\/en\/wp-json\/wp\/v2\/comments?post=962930"}],"version-history":[{"count":2,"href":"https:\/\/gradski.me\/en\/wp-json\/wp\/v2\/posts\/962930\/revisions"}],"predecessor-version":[{"id":962966,"href":"https:\/\/gradski.me\/en\/wp-json\/wp\/v2\/posts\/962930\/revisions\/962966"}],"wp:featuredmedia":[{"embeddable":true,"href":"https:\/\/gradski.me\/en\/wp-json\/wp\/v2\/media\/962964"}],"wp:attachment":[{"href":"https:\/\/gradski.me\/en\/wp-json\/wp\/v2\/media?parent=962930"}],"wp:term":[{"taxonomy":"category","embeddable":true,"href":"https:\/\/gradski.me\/en\/wp-json\/wp\/v2\/categories?post=962930"},{"taxonomy":"post_tag","embeddable":true,"href":"https:\/\/gradski.me\/en\/wp-json\/wp\/v2\/tags?post=962930"},{"taxonomy":"naslovna","embeddable":true,"href":"https:\/\/gradski.me\/en\/wp-json\/wp\/v2\/naslovna?post=962930"}],"curies":[{"name":"wp","href":"https:\/\/api.w.org\/{rel}","templated":true}]}}