{"id":962922,"date":"2026-04-27T17:40:00","date_gmt":"2026-04-27T15:40:00","guid":{"rendered":"https:\/\/gradski.me\/?p=962922"},"modified":"2026-04-27T17:36:47","modified_gmt":"2026-04-27T15:36:47","slug":"crna-gora-ubrzava-realizaciju-energetskih-projekata-povecan-grant-za-trans-balkanski-koridor-nova-faza-projekta-otilovici","status":"publish","type":"post","link":"https:\/\/gradski.me\/en\/ekonomija\/crna-gora-ubrzava-realizaciju-energetskih-projekata-povecan-grant-za-trans-balkanski-koridor-nova-faza-projekta-otilovici\/","title":{"rendered":"Crna Gora ubrzava realizaciju energetskih projekata: Pove\u0107an grant za Trans-balkanski koridor, nova faza projekta Otilovi\u0107i"},"content":{"rendered":"<p><\/p>\n\n\n\n<p><\/p>\n\n\n\n<p>Danas su potpisani aneksi ugovora za dva va\u017ena projekta \u2013 Trans-balkanski koridor i projekat Otilovi\u0107i, \u010dime su stvoreni uslovi za nastavak investicionog ciklusa, ja\u010danje energetske stabilnosti i efikasnije kori\u0161\u0107enje me\u0111unarodnih sredstava.<\/p>\n\n\n\n<p>Ministar energetike i rudarstva <strong>Admir \u0160ahmanovi\u0107<\/strong> sa direktorima nadle\u017enih kompanija, <strong>Ivanom Asanovi\u0107em<\/strong> ispred CGES-a i <strong>Zdravkom Draga\u0161em<\/strong> ispred EPCG, potpisao je anekse ugovora koji predstavljaju novi korak u modernizaciji elektroenergetske infrastrukture i valorizaciji doma\u0107ih energetskih resursa.<\/p>\n\n\n\n<p>Kada je rije\u010d o projektu Trans-balkanski koridor, potpisan je Aneks broj 1 Ugovora o ustupanju nepovratnih finansijskih sredstava, kojim se ukupna vrijednost evropskog granta pove\u0107ava sa 24,5 na 25 miliona eura.<\/p>\n\n\n\n<p>Na taj na\u010din, kako navode, omogu\u0107ena je puna iskori\u0161\u0107enost raspolo\u017eivih bespovratnih sredstava, u skladu sa me\u0111unarodnim finansijskim aran\u017emanom i ranije odobrenim izmjenama.<\/p>\n\n\n\n<p>Potpisani aneks ima zna\u010dajnu prakti\u010dnu vrijednost jer obezbje\u0111uje da kompletan iznos sredstava bude stavljen u funkciju nastavka realizacije jednog od najva\u017enijih energetskih projekata u regionu.<\/p>\n\n\n\n<p>&#8222;Trans-balkanski koridor predstavlja klju\u010dni infrastrukturni projekat za ja\u010danje prenosne mre\u017ee i bolje povezivanje Crne Gore sa susjednim elektroenergetskim sistemima, \u010dime se dugoro\u010dno doprinosi ve\u0107oj sigurnosti snabdijevanja i ukupnoj stabilnosti energetskog sistema&#8220;, naveli su iz Ministarstva.<\/p>\n\n\n\n<p>Istovremeno, potpisan je i Aneks broj 3 Ugovora o koncesiji za kori\u0161\u0107enje akumulacije Otilovi\u0107i, \u010dime projekat izgradnje male hidroelektrane ulazi u novu fazu realizacije.<\/p>\n\n\n\n<p>Aneksom, zaklju\u010denim izme\u0111u Vlade Crne Gore i Elektroprivrede Crne Gore, rok za zavr\u0161etak prve faze projekta produ\u017eava se za dodatnih 10 mjeseci, u skladu sa dinamikom realizacije i zaklju\u010dcima Vlade.<\/p>\n\n\n\n<p>&#8222;Va\u017ean iskorak ostvaren je po\u010detkom ove godine, kada je nakon sprovedenog postupka javne nabavke za izvo\u0111a\u010da radova izabrana kompanija \u201eVigoris Ecotech\u201c d.o.o. Podgorica, sa kojom je zaklju\u010den ugovor o izvo\u0111enju radova. Predvi\u0111ena je izgradnja male hidroelektrane na postoje\u0107oj brani Otilovi\u0107i, instalisane snage 2,96 MW, sa planiranom godi\u0161njom proizvodnjom od 11 GWh, \u0161to ovom projektu daje zna\u010dajnu razvojnu i energetsku vrijednost&#8220;, saop\u0161teno je iz ovog resora.<\/p>\n\n\n\n<p>Ministarstvo energetike i rudarstva nastavlja da pretvara planove u konkretne projekte \u2013 kroz nove investicije, sna\u017eniju energetsku mre\u017eu i sigurniju budu\u0107nost za gra\u0111ane i privredu.<\/p>","protected":false},"excerpt":{"rendered":"<p>Crna Gora nastavlja investicioni zamah u energetskom sektoru kroz realizaciju strate\u0161kih infrastrukturnih projekata od nacionalnog i regionalnog zna\u010daja, saop\u0161teno je iz Ministarstva energetike i rudarstva.<\/p>","protected":false},"author":8,"featured_media":962923,"comment_status":"open","ping_status":"open","sticky":false,"template":"","format":"standard","meta":{"_acf_changed":false,"footnotes":"","jetpack_publicize_message":"","jetpack_publicize_feature_enabled":true,"jetpack_social_post_already_shared":true,"jetpack_social_options":{"image_generator_settings":{"template":"highway","default_image_id":0,"font":"","enabled":false},"version":2}},"categories":[8],"tags":[983,12291,2734,14314],"naslovna":[908],"class_list":["post-962922","post","type-post","status-publish","format-standard","has-post-thumbnail","hentry","category-ekonomija","tag-admir-sahmanovic","tag-ivan-asanovic","tag-ministarstvo-energetike","tag-zdravko-dragas","naslovna-izdvajamo"],"acf":[],"jetpack_publicize_connections":[],"_links":{"self":[{"href":"https:\/\/gradski.me\/en\/wp-json\/wp\/v2\/posts\/962922","targetHints":{"allow":["GET"]}}],"collection":[{"href":"https:\/\/gradski.me\/en\/wp-json\/wp\/v2\/posts"}],"about":[{"href":"https:\/\/gradski.me\/en\/wp-json\/wp\/v2\/types\/post"}],"author":[{"embeddable":true,"href":"https:\/\/gradski.me\/en\/wp-json\/wp\/v2\/users\/8"}],"replies":[{"embeddable":true,"href":"https:\/\/gradski.me\/en\/wp-json\/wp\/v2\/comments?post=962922"}],"version-history":[{"count":1,"href":"https:\/\/gradski.me\/en\/wp-json\/wp\/v2\/posts\/962922\/revisions"}],"predecessor-version":[{"id":962924,"href":"https:\/\/gradski.me\/en\/wp-json\/wp\/v2\/posts\/962922\/revisions\/962924"}],"wp:featuredmedia":[{"embeddable":true,"href":"https:\/\/gradski.me\/en\/wp-json\/wp\/v2\/media\/962923"}],"wp:attachment":[{"href":"https:\/\/gradski.me\/en\/wp-json\/wp\/v2\/media?parent=962922"}],"wp:term":[{"taxonomy":"category","embeddable":true,"href":"https:\/\/gradski.me\/en\/wp-json\/wp\/v2\/categories?post=962922"},{"taxonomy":"post_tag","embeddable":true,"href":"https:\/\/gradski.me\/en\/wp-json\/wp\/v2\/tags?post=962922"},{"taxonomy":"naslovna","embeddable":true,"href":"https:\/\/gradski.me\/en\/wp-json\/wp\/v2\/naslovna?post=962922"}],"curies":[{"name":"wp","href":"https:\/\/api.w.org\/{rel}","templated":true}]}}