{"id":962915,"date":"2026-04-27T18:24:00","date_gmt":"2026-04-27T16:24:00","guid":{"rendered":"https:\/\/gradski.me\/?p=962915"},"modified":"2026-04-27T17:12:01","modified_gmt":"2026-04-27T15:12:01","slug":"raicevic-sa-ambasadorom-kine-bar-otvoren-za-produbljivanje-saradnje-i-nove-razvojne-prilike","status":"publish","type":"post","link":"https:\/\/gradski.me\/en\/politika\/raicevic-sa-ambasadorom-kine-bar-otvoren-za-produbljivanje-saradnje-i-nove-razvojne-prilike\/","title":{"rendered":"Rai\u010devi\u0107 sa ambasadorom Kine: Bar otvoren za produbljivanje saradnje i nove razvojne prilike"},"content":{"rendered":"<p><\/p>\n\n\n\n<p><\/p>\n\n\n\n<p>Rai\u010devi\u0107 je istakao zna\u010daj ove posjete i naglasio da Bar gaji prijateljske veze sa kineskim gradovima Hongkou i Ningbo, te da upravo takva partnerstva predstavljaju dobar osnov za produbljivanje saradnje u oblastima od obostranog interesa.<\/p>\n\n\n\n<p>Sastanak je bio prilika da se ambasador Sijufeng upozna sa razvojnim potencijalima Bara, sa posebnim osvrtom na turisti\u010dke, poljoprivredne i privredne perspektive grada. Tako\u0111e, posebna pa\u017enja posve\u0107ena je va\u017enosti infrastrukturnog razvoja kao jednog od klju\u010dnih preduslova za dinami\u010dniji ekonomski napredak, bolju povezanost i valorizaciju ukupnih potencijala Bara.<\/p>\n\n\n\n<p>Kako je saop\u0161teno ou Op\u0161tine Bar, dvije strane su razmijenile mi\u0161ljenja o mogu\u0107nostima razvoja Luke Bar i pomorske industrije, imaju\u0107i u vidu strate\u0161ki polo\u017eaj grada i njegovu ulogu u saobra\u0107ajnom, logisti\u010dkom i ekonomskom povezivanju Crne Gore sa regionom i \u0161irim me\u0111unarodnim tr\u017ei\u0161tima.<\/p>\n\n\n\n<p>Posebna pa\u017enja posve\u0107ena je i \u0161ansama za unaprje\u0111enje kulturne saradnje, razmjenu znanja i iskustava, kao i ja\u010danje lokalnih politika usmjerenih na razvoj i unapre\u0111enje socijalnih servisa.<\/p>\n\n\n\n<p>Ambasador \u010cen Sijufeng zahvalio je predsjedniku Rai\u010devi\u0107u na prijemu i izrazio zadovoljstvo zbog posjete Baru. On je istakao da izme\u0111u Kine i Crne Gore postoje \u010dvrsti temelji prijateljstva, ali i duboki korijeni u kolektivnom sje\u0107anju koji povezuju dva naroda. Ambasador je naglasio spremnost da se, kroz otvoren dijalog i konkretne inicijative, nastavi rad na ja\u010danju saradnje i otkrivanju dodatnih prilika za produbljivanje saradnje Crne Gore i Narodne Republike Kine.<\/p>","protected":false},"excerpt":{"rendered":"<p>Predsjednik Op\u0161tine Bar Du\u0161an Rai\u010devi\u0107 primio je u zvani\u010dnu posjetu ambasadora Narodne Republike Kine u Crnoj Gori \u010cena Sijufenga, sa kojim je razgovarao o daljem unaprje\u0111enju saradnje, razvojnim potencijalima Bara i mogu\u0107nostima ja\u010danja veza Crne Gore i Kine.<\/p>","protected":false},"author":8,"featured_media":962919,"comment_status":"open","ping_status":"open","sticky":false,"template":"","format":"standard","meta":{"_acf_changed":false,"footnotes":"","jetpack_publicize_message":"","jetpack_publicize_feature_enabled":true,"jetpack_social_post_already_shared":true,"jetpack_social_options":{"image_generator_settings":{"template":"highway","default_image_id":0,"font":"","enabled":false},"version":2}},"categories":[7],"tags":[9537,4793,1106,1883],"naslovna":[],"class_list":["post-962915","post","type-post","status-publish","format-standard","has-post-thumbnail","hentry","category-politika","tag-cen-sijufeng","tag-dusan-raicevic","tag-kina","tag-opstina-bar-2"],"acf":[],"jetpack_publicize_connections":[],"_links":{"self":[{"href":"https:\/\/gradski.me\/en\/wp-json\/wp\/v2\/posts\/962915","targetHints":{"allow":["GET"]}}],"collection":[{"href":"https:\/\/gradski.me\/en\/wp-json\/wp\/v2\/posts"}],"about":[{"href":"https:\/\/gradski.me\/en\/wp-json\/wp\/v2\/types\/post"}],"author":[{"embeddable":true,"href":"https:\/\/gradski.me\/en\/wp-json\/wp\/v2\/users\/8"}],"replies":[{"embeddable":true,"href":"https:\/\/gradski.me\/en\/wp-json\/wp\/v2\/comments?post=962915"}],"version-history":[{"count":1,"href":"https:\/\/gradski.me\/en\/wp-json\/wp\/v2\/posts\/962915\/revisions"}],"predecessor-version":[{"id":962921,"href":"https:\/\/gradski.me\/en\/wp-json\/wp\/v2\/posts\/962915\/revisions\/962921"}],"wp:featuredmedia":[{"embeddable":true,"href":"https:\/\/gradski.me\/en\/wp-json\/wp\/v2\/media\/962919"}],"wp:attachment":[{"href":"https:\/\/gradski.me\/en\/wp-json\/wp\/v2\/media?parent=962915"}],"wp:term":[{"taxonomy":"category","embeddable":true,"href":"https:\/\/gradski.me\/en\/wp-json\/wp\/v2\/categories?post=962915"},{"taxonomy":"post_tag","embeddable":true,"href":"https:\/\/gradski.me\/en\/wp-json\/wp\/v2\/tags?post=962915"},{"taxonomy":"naslovna","embeddable":true,"href":"https:\/\/gradski.me\/en\/wp-json\/wp\/v2\/naslovna?post=962915"}],"curies":[{"name":"wp","href":"https:\/\/api.w.org\/{rel}","templated":true}]}}