{"id":962908,"date":"2026-04-27T17:11:00","date_gmt":"2026-04-27T15:11:00","guid":{"rendered":"https:\/\/gradski.me\/?p=962908"},"modified":"2026-04-27T16:52:59","modified_gmt":"2026-04-27T14:52:59","slug":"mikic-region-ce-napredovati-kada-jednako-osudimo-sve-zlocine-i-postujemo-sve-zrtve","status":"publish","type":"post","link":"https:\/\/gradski.me\/en\/politika\/mikic-region-ce-napredovati-kada-jednako-osudimo-sve-zlocine-i-postujemo-sve-zrtve\/","title":{"rendered":"Miki\u0107: Region \u0107e napredovati kada jednako osudimo sve zlo\u010dine i po\u0161tujemo sve \u017ertve"},"content":{"rendered":"<p><\/p>\n\n\n\n<p>On ne o\u010dekuje da Hrvatska blokira Crnu Goru na putu ka \u010dlanstvu u Evropskoj uniji, vjeruju\u0107i da Zagreb ne\u0107e posegnuti za opstrukcijom, kakvu su oni tokom svojih pregovora imali iz Slovenije. Komentari\u0161u\u0107i o\u0161tre reakcije Hrvatske zbog obilje\u017eavanja Dana sje\u0107anja na \u017ertve genocida u Jasenovcu u Skup\u0161tini Crne Gore, Miki\u0107 se zalo\u017eio da se svi zlo\u010dini na prostoru biv\u0161e Jugoslave osude zajedni\u010dkom deklaracijom i da se time stavi ta\u010dka.<\/p>\n\n\n\n<p>\u201cImamo dosta licemjerstva u regionalnoj politici jer sve ove istorijske teme, od kojih su mnoge bolne, koristimo u dnevno politi\u010dke svrhe. Niko dobronamjeran ne mo\u017ee da negira, da je ono \u0161to se desilo u Jasenovcu jedan od najve\u0107ih zlo\u010dina u istoriji na ovim prostorima. Me\u0111utim, uvijek imam problem kad se ti doga\u0111aji iz pro\u0161losti zloupotrebljavaju u dnevno politi\u010dke svrhe. Licemjerno je i nije istorijski pravedno da istovremeno idete na parastose pripadnicima Ravnogorskog pokreta, koji su sara\u0111ivali sa okupatorom kao i usta\u0161ki pokret u Hrvatskoj, a da onda obilje\u017eavate genocid u Jasenovcu&#8220;, rekao je on.<\/p>\n\n\n\n<p>Da bismo na ove teme stavili ta\u010dku, dodao je, jednom deklaracijom treba osuditi sve zlo\u010dine u toku 20. vijeka, a bilo ih je mnogo i u regionu i u Crnoj Gori.<\/p>\n\n\n\n<p>\u201eNijesam za to da se bje\u017ei od zlo\u010dina koji je pravio komunisti\u010dki pokret tokom ili posle rata, ali ni da vadite jedan po jedan doga\u0111aj i od njega pravite aktuelni politi\u010dki momenat, oko koga se sve vrti. Moramo po\u0161tovati dostojanstvo svih \u017ertava rata. Na na\u0161em Balkanskom prostoru je veliki problem \u0161to ljudi isti\u010du \u017ertve svog naroda, a negiraju \u017ertve drugih naroda. Ako nijesmo spremni da jednako osudimo sve zlo\u010dine i da jednako po\u0161tujemo sve \u017ertve ratova, bez obzira na nacionalnu i vjersku pripadnost \u017ertava i po\u010dinioca, mi nismo spremni da kao region krenemo naprijed\u201c, rekao je funkcioner URE gostuju\u0107i na Newsmaks Balkans.<\/p>\n\n\n\n<p>Miki\u0107 je podsjetio kolege iz Hrvatske kroz \u0161ta su oni prolazili tokom pregovora sa EU. On smatra da Zagreb ne mo\u017ee da zaustavi Crnu Goru, ali da mo\u017ee da nas uspori, kao \u0161to je njih Slovenija. Neka od spornih pitanja, dodao je, treba rije\u0161iti kroz dijalog, a ako to ne uspije kroz me\u0111unarodnu arbitra\u017eu.<\/p>\n\n\n\n<p>\u201eSlovenija i Hrvatska nijesu ni danas rije\u0161ile sporna pitanja, a obije su \u010dlanice EU. Ne o\u010dekujem da \u0107e Zagreb, kao jedan od na\u0161ih glavnih oslonaca, ko\u010diti evropske integracije, bez obzira na njihovo mi\u0161ljenje o aktuelnom re\u017eimu. Siguran sam da sem Zagreba jo\u0161 neke \u010dlanice EU misle da pojedinci iz aktuelne vladaju\u0107e ve\u0107ine, ne mogu biti kredibilni partneri i da je sve vi\u0161a skepsa prema njihovom evroatlantskom opredeljenju&#8220;, zaklju\u010dio je Miki\u0107.<\/p>","protected":false},"excerpt":{"rendered":"<p>Poslanik i izvr\u0161ni direktor Gra\u0111anskog pokreta URA Zoran Miki\u0107 poru\u010dio je da \u0107e Balkan krenuti naprijed tek kada se prestane sa politi\u010dkim licemjerstvom, odnosno nakon \u0161to se jednako osude svi zlo\u010dini i jednako po\u0161tuju sve \u017ertve ratova na ovim prostorima.<\/p>","protected":false},"author":8,"featured_media":962910,"comment_status":"open","ping_status":"open","sticky":false,"template":"","format":"standard","meta":{"_acf_changed":false,"footnotes":"","jetpack_publicize_message":"","jetpack_publicize_feature_enabled":true,"jetpack_social_post_already_shared":true,"jetpack_social_options":{"image_generator_settings":{"template":"highway","default_image_id":0,"font":"","enabled":false},"version":2}},"categories":[7],"tags":[294,74],"naslovna":[],"class_list":["post-962908","post","type-post","status-publish","format-standard","has-post-thumbnail","hentry","category-politika","tag-ura","tag-zoran-mikic"],"acf":[],"jetpack_publicize_connections":[],"_links":{"self":[{"href":"https:\/\/gradski.me\/en\/wp-json\/wp\/v2\/posts\/962908","targetHints":{"allow":["GET"]}}],"collection":[{"href":"https:\/\/gradski.me\/en\/wp-json\/wp\/v2\/posts"}],"about":[{"href":"https:\/\/gradski.me\/en\/wp-json\/wp\/v2\/types\/post"}],"author":[{"embeddable":true,"href":"https:\/\/gradski.me\/en\/wp-json\/wp\/v2\/users\/8"}],"replies":[{"embeddable":true,"href":"https:\/\/gradski.me\/en\/wp-json\/wp\/v2\/comments?post=962908"}],"version-history":[{"count":1,"href":"https:\/\/gradski.me\/en\/wp-json\/wp\/v2\/posts\/962908\/revisions"}],"predecessor-version":[{"id":962912,"href":"https:\/\/gradski.me\/en\/wp-json\/wp\/v2\/posts\/962908\/revisions\/962912"}],"wp:featuredmedia":[{"embeddable":true,"href":"https:\/\/gradski.me\/en\/wp-json\/wp\/v2\/media\/962910"}],"wp:attachment":[{"href":"https:\/\/gradski.me\/en\/wp-json\/wp\/v2\/media?parent=962908"}],"wp:term":[{"taxonomy":"category","embeddable":true,"href":"https:\/\/gradski.me\/en\/wp-json\/wp\/v2\/categories?post=962908"},{"taxonomy":"post_tag","embeddable":true,"href":"https:\/\/gradski.me\/en\/wp-json\/wp\/v2\/tags?post=962908"},{"taxonomy":"naslovna","embeddable":true,"href":"https:\/\/gradski.me\/en\/wp-json\/wp\/v2\/naslovna?post=962908"}],"curies":[{"name":"wp","href":"https:\/\/api.w.org\/{rel}","templated":true}]}}