{"id":962887,"date":"2026-04-27T16:40:00","date_gmt":"2026-04-27T14:40:00","guid":{"rendered":"https:\/\/gradski.me\/?p=962887"},"modified":"2026-04-27T16:12:18","modified_gmt":"2026-04-27T14:12:18","slug":"ibrahimovic-sa-lotonom-podrska-sad-snaznoj-saradnji-sa-crnom-gorom-u-kljucnim-oblastima","status":"publish","type":"post","link":"https:\/\/gradski.me\/en\/politika\/ibrahimovic-sa-lotonom-podrska-sad-snaznoj-saradnji-sa-crnom-gorom-u-kljucnim-oblastima\/","title":{"rendered":"Ibrahimovi\u0107 sa Lotonom: Podr\u0161ka SAD sna\u017enoj saradnji sa Crnom Gorom u klju\u010dnim oblastima"},"content":{"rendered":"<p><\/p>\n\n\n\n<p>\u201cIbrahimovi\u0107 je izrazio je zadovoljstvo posjetom Lotona, koja predstavlja nastavak susreta i sadr\u017eajnog razgovora odr\u017eanog u februaru u Va\u0161ingtonu, u okviru u\u010de\u0161\u0107a na Nacionalnom molitvenom doru\u010dku\u201d, saop\u0161teno je iz njagovog resora.<\/p>\n\n\n\n<p>Ibrahimovi\u0107 je istakao prijateljske i savezni\u010dke odnose izme\u0111u Crne Gore i SAD-a, nagla\u0161avaju\u0107i da se bilateralna saradnja kontinuirano razvija i unapre\u0111uje na svim nivoima. Posebno je ukazao na zna\u010daj ameri\u010dke podr\u0161ke demokratskom i ekonomskom razvoju Crne Gore i regiona Zapadnog Balkana.<\/p>\n\n\n\n<p>\u201cDodatno je naglasio da Evropska unija ostaje vanjskopoliti\u010dki prioritet broj jedan Crne Gore, dok su SAD na\u0161 nezamjenljiv strate\u0161ki i politi\u010dki partner. On je dodao da je interes Crne Gore za ja\u010danje ekonomskih odnosa i privla\u010denje kredibilnih ameri\u010dkih investicija, isti\u010du\u0107i potencijal crnogorskog tr\u017ei\u0161ta i zna\u010daj produbljivanja privredne saradnje\u201d, navodi se u saop\u0161tenju.<\/p>\n\n\n\n<p>Zamjenik pomo\u0107nika dr\u017eavnog sekretara Loton ocijenio je da napredak koji Crna Gora ostvaruje \u010dlanstvom u NATO i na evropskom putu doprinosi stvaranju povoljne investicione klime. Istakao je da stabilnost i prosperitet ostaju klju\u010dni zajedni\u010dki ciljevi, te posebno ukazao na zavr\u0161nu fazu izrade G2G (Government to Government) sporazuma izme\u0111u Vlade SAD i Vlade Crne Gore.<\/p>\n\n\n\n<p>\u201cIbrahimovi\u0107 je ocijenio da \u0107e taj sporazum predstavljati dodatni iskorak u unapre\u0111enju bilateralnih odnosa, kao i sna\u017ean signal povjerenja i za Crnu Goru i za region, uz uvjerenje da \u0107e podsta\u0107i interes eminentnih ameri\u010dkih kompanija za ulaganja\u201d, pi\u0161e u saop\u0161tenju.<\/p>\n\n\n\n<p>Kako se zaklju\u010duje u saop\u0161tenju, sagovornici su izrazili uvjerenje da \u0107e, nakon pristupanja Evropskoj uniji, Crna Gora nastaviti da njeguje sna\u017enu transatlantsku orijentaciju i da doprinosi daljem ja\u010danju veza izme\u0111u SAD i EU, afirmi\u0161u\u0107i zajedni\u010dke vrijednosti i strate\u0161ko partnerstvo na obje strane Atlantika.<\/p>","protected":false},"excerpt":{"rendered":"<p>Potpredsjednik Vlade Crne Gore i ministar vanjskih poslova\u00a0Ervin Ibrahimovi\u0107\u00a0sastao se danas sa zamjenikom pomo\u0107nika dr\u017eavnog sekretara za Zapadnu, Centralnu i Ju\u017enu Evropu u Birou za evropska i evroazijska pitanja\u00a0Danijelom Lotonom.<\/p>","protected":false},"author":13,"featured_media":962888,"comment_status":"open","ping_status":"open","sticky":false,"template":"","format":"standard","meta":{"_acf_changed":false,"footnotes":"","jetpack_publicize_message":"","jetpack_publicize_feature_enabled":true,"jetpack_social_post_already_shared":true,"jetpack_social_options":{"image_generator_settings":{"template":"highway","default_image_id":0,"font":"","enabled":false},"version":2}},"categories":[7],"tags":[1232,31537,1592],"naslovna":[],"class_list":["post-962887","post","type-post","status-publish","format-standard","has-post-thumbnail","hentry","category-politika","tag-ervin-ibrahimovic","tag-loton","tag-mvp"],"acf":[],"jetpack_publicize_connections":[],"_links":{"self":[{"href":"https:\/\/gradski.me\/en\/wp-json\/wp\/v2\/posts\/962887","targetHints":{"allow":["GET"]}}],"collection":[{"href":"https:\/\/gradski.me\/en\/wp-json\/wp\/v2\/posts"}],"about":[{"href":"https:\/\/gradski.me\/en\/wp-json\/wp\/v2\/types\/post"}],"author":[{"embeddable":true,"href":"https:\/\/gradski.me\/en\/wp-json\/wp\/v2\/users\/13"}],"replies":[{"embeddable":true,"href":"https:\/\/gradski.me\/en\/wp-json\/wp\/v2\/comments?post=962887"}],"version-history":[{"count":1,"href":"https:\/\/gradski.me\/en\/wp-json\/wp\/v2\/posts\/962887\/revisions"}],"predecessor-version":[{"id":962890,"href":"https:\/\/gradski.me\/en\/wp-json\/wp\/v2\/posts\/962887\/revisions\/962890"}],"wp:featuredmedia":[{"embeddable":true,"href":"https:\/\/gradski.me\/en\/wp-json\/wp\/v2\/media\/962888"}],"wp:attachment":[{"href":"https:\/\/gradski.me\/en\/wp-json\/wp\/v2\/media?parent=962887"}],"wp:term":[{"taxonomy":"category","embeddable":true,"href":"https:\/\/gradski.me\/en\/wp-json\/wp\/v2\/categories?post=962887"},{"taxonomy":"post_tag","embeddable":true,"href":"https:\/\/gradski.me\/en\/wp-json\/wp\/v2\/tags?post=962887"},{"taxonomy":"naslovna","embeddable":true,"href":"https:\/\/gradski.me\/en\/wp-json\/wp\/v2\/naslovna?post=962887"}],"curies":[{"name":"wp","href":"https:\/\/api.w.org\/{rel}","templated":true}]}}