{"id":962877,"date":"2026-04-27T18:56:00","date_gmt":"2026-04-27T16:56:00","guid":{"rendered":"https:\/\/gradski.me\/?p=962877"},"modified":"2026-04-27T18:42:56","modified_gmt":"2026-04-27T16:42:56","slug":"klikovac-jos-jedna-obmana-mujovica-i-spajica-zaboravili-na-zecane-i-bazen-crvenog-mulja","status":"publish","type":"post","link":"https:\/\/gradski.me\/en\/politika\/klikovac-jos-jedna-obmana-mujovica-i-spajica-zaboravili-na-zecane-i-bazen-crvenog-mulja\/","title":{"rendered":"Klikovac: Mujovi\u0107 i Spaji\u0107 zaboravili na sanaciju bazena crvenog mulja"},"content":{"rendered":"<p><br><br><\/p>\n\n\n\n<p>\u201cGotovo prije pola godine gradona\u010delnik Mujovi\u0107 i premijer Spaji\u0107 su se utrkivali ko \u0107e dati ja\u010du zakletvu i obe\u0107anje da \u0107e po\u010deti rje\u0161avanje ekolo\u0161kog problema \u2013 bazen crvenog mulja\u201d, napisao je Klikovac.<\/p>\n\n\n\n<p>Danas, prema njegovim rije\u010dima, vidimo da su potpuno zaboravili i na obe\u0107anje, i na gra\u0111ane Zete i Podgorice.<\/p>\n\n\n\n<p>\u201cRje\u0161avanje ovog problema postade taman isto kao on milijarda eura investicija iz Japana ili da \u0107e po\u010deti u Podgorici izgradnja data centra od 300 miliona eura\u201d, zaklju\u010dio je.<\/p>\n\n\n\n<p><\/p>","protected":false},"excerpt":{"rendered":"<p>\u0160ef Kluba odbornika DPS-a u Skup\u0161tini Glavnog grada Andrija Klikovac, kazao je na mre\u017ei X da su gradona\u010delnik Podgorice Sa\u0161a Mujovi\u0107 i premijer Milojko Spaji\u0107 zaboravili na Ze\u0107ane i bazen crvenog mulja i dodao da je to jo\u0161 jedna obmana.<\/p>","protected":false},"author":5,"featured_media":897337,"comment_status":"open","ping_status":"open","sticky":false,"template":"","format":"standard","meta":{"_acf_changed":false,"footnotes":"","jetpack_publicize_message":"","jetpack_publicize_feature_enabled":true,"jetpack_social_post_already_shared":true,"jetpack_social_options":{"image_generator_settings":{"template":"highway","default_image_id":0,"font":"","enabled":false},"version":2}},"categories":[7],"tags":[2174,238],"naslovna":[],"class_list":["post-962877","post","type-post","status-publish","format-standard","has-post-thumbnail","hentry","category-politika","tag-andrija-klikovac","tag-sasa-mujovic"],"acf":[],"jetpack_publicize_connections":[],"_links":{"self":[{"href":"https:\/\/gradski.me\/en\/wp-json\/wp\/v2\/posts\/962877","targetHints":{"allow":["GET"]}}],"collection":[{"href":"https:\/\/gradski.me\/en\/wp-json\/wp\/v2\/posts"}],"about":[{"href":"https:\/\/gradski.me\/en\/wp-json\/wp\/v2\/types\/post"}],"author":[{"embeddable":true,"href":"https:\/\/gradski.me\/en\/wp-json\/wp\/v2\/users\/5"}],"replies":[{"embeddable":true,"href":"https:\/\/gradski.me\/en\/wp-json\/wp\/v2\/comments?post=962877"}],"version-history":[{"count":3,"href":"https:\/\/gradski.me\/en\/wp-json\/wp\/v2\/posts\/962877\/revisions"}],"predecessor-version":[{"id":962901,"href":"https:\/\/gradski.me\/en\/wp-json\/wp\/v2\/posts\/962877\/revisions\/962901"}],"wp:featuredmedia":[{"embeddable":true,"href":"https:\/\/gradski.me\/en\/wp-json\/wp\/v2\/media\/897337"}],"wp:attachment":[{"href":"https:\/\/gradski.me\/en\/wp-json\/wp\/v2\/media?parent=962877"}],"wp:term":[{"taxonomy":"category","embeddable":true,"href":"https:\/\/gradski.me\/en\/wp-json\/wp\/v2\/categories?post=962877"},{"taxonomy":"post_tag","embeddable":true,"href":"https:\/\/gradski.me\/en\/wp-json\/wp\/v2\/tags?post=962877"},{"taxonomy":"naslovna","embeddable":true,"href":"https:\/\/gradski.me\/en\/wp-json\/wp\/v2\/naslovna?post=962877"}],"curies":[{"name":"wp","href":"https:\/\/api.w.org\/{rel}","templated":true}]}}