{"id":962876,"date":"2026-04-27T16:20:00","date_gmt":"2026-04-27T14:20:00","guid":{"rendered":"https:\/\/gradski.me\/?p=962876"},"modified":"2026-04-27T16:07:49","modified_gmt":"2026-04-27T14:07:49","slug":"pocinje-rekonstrukcija-bokeske-ulice-radovi-vrijedni-179-736-eura-trajace-60-dana","status":"publish","type":"post","link":"https:\/\/gradski.me\/en\/podgorica\/pocinje-rekonstrukcija-bokeske-ulice-radovi-vrijedni-179-736-eura-trajace-60-dana\/","title":{"rendered":"Po\u010dinje rekonstrukcija Boke\u0161ke ulice: Radovi vrijedni 179.736 eura traja\u0107e 60 dana"},"content":{"rendered":"<p><\/p>\n\n\n\n<p>Radovi obuhvataju rekonstrukciju Boke\u0161ke ulice u du\u017eini od 150 metara. \u0160irina kolovoza iznosi 4,5 metara, sa paralelnim parkingom uz ulicu \u0161irine 1,8 metara. U skladu sa urbanisti\u010dko-tehni\u010dkim uslovima usvojena je kolovozna konstrukcija sa zastorom od kamenih kocki dimenzija 10&#215;10 centimetara, debljine 10 centimetara, u skladu sa tradicionalnim rje\u0161enjem, kao i na prvoj dionici Boke\u0161ke ulice, dok se postoje\u0107i trotoari zadr\u017eavaju.<\/p>\n\n\n\n<figure class=\"wp-block-gallery has-nested-images columns-default is-cropped wp-block-gallery-1 is-layout-flex wp-block-gallery-is-layout-flex\">\n<figure class=\"wp-block-image size-large\"><img fetchpriority=\"high\" decoding=\"async\" width=\"819\" height=\"1024\" data-id=\"962881\" src=\"https:\/\/gradski.me\/wp-content\/uploads\/2026\/04\/681308642_17927475864273000_4982856082312489968_n-819x1024.webp\" alt=\"\" class=\"wp-image-962881\" title=\"\" srcset=\"https:\/\/gradski.me\/wp-content\/uploads\/2026\/04\/681308642_17927475864273000_4982856082312489968_n-819x1024.webp 819w, https:\/\/gradski.me\/wp-content\/uploads\/2026\/04\/681308642_17927475864273000_4982856082312489968_n-240x300.webp 240w, https:\/\/gradski.me\/wp-content\/uploads\/2026\/04\/681308642_17927475864273000_4982856082312489968_n-768x961.webp 768w, https:\/\/gradski.me\/wp-content\/uploads\/2026\/04\/681308642_17927475864273000_4982856082312489968_n-10x12.webp 10w, https:\/\/gradski.me\/wp-content\/uploads\/2026\/04\/681308642_17927475864273000_4982856082312489968_n.webp 1080w\" sizes=\"(max-width: 819px) 100vw, 819px\" \/><figcaption class=\"wp-element-caption\">foto: Agencija za izgradnju i razvoj Podgorice<\/figcaption><\/figure>\n\n\n\n<figure class=\"wp-block-image size-large\"><img decoding=\"async\" width=\"819\" height=\"1024\" data-id=\"962885\" src=\"https:\/\/gradski.me\/wp-content\/uploads\/2026\/04\/675443794_17927475873273000_8434609788817814459_n-819x1024.webp\" alt=\"\" class=\"wp-image-962885\" title=\"\" srcset=\"https:\/\/gradski.me\/wp-content\/uploads\/2026\/04\/675443794_17927475873273000_8434609788817814459_n-819x1024.webp 819w, https:\/\/gradski.me\/wp-content\/uploads\/2026\/04\/675443794_17927475873273000_8434609788817814459_n-240x300.webp 240w, https:\/\/gradski.me\/wp-content\/uploads\/2026\/04\/675443794_17927475873273000_8434609788817814459_n-768x961.webp 768w, https:\/\/gradski.me\/wp-content\/uploads\/2026\/04\/675443794_17927475873273000_8434609788817814459_n-10x12.webp 10w, https:\/\/gradski.me\/wp-content\/uploads\/2026\/04\/675443794_17927475873273000_8434609788817814459_n.webp 1080w\" sizes=\"(max-width: 819px) 100vw, 819px\" \/><figcaption class=\"wp-element-caption\">foto: Agencija za izgradnju i razvoj Podgorice<\/figcaption><\/figure>\n<\/figure>\n\n\n\n<p>Saobra\u0107aj \u0107e biti regulisan vertikalnom i horizontalnom signalizacijom, a predvi\u0111en je isti re\u017eim odr\u017eavanja saobra\u0107aja tokom izvo\u0111enja radova.<\/p>\n\n\n\n<p>Kako su naveli iz Agencije, postoje\u0107a hidrotehni\u010dka infrastruktura se zadr\u017eava i obuhvata vodovod DN150, fekalnu kanalizaciju DN300 i atmosfersku DN315. Projektom su predvi\u0111eni radovi na uskla\u0111ivanju visine poklopaca svih instalacija sa novom nivelacijom saobra\u0107ajnice, kao i radovi na eventualnim novim priklju\u010dcima. Tako\u0111e, predvi\u0111ena je veza, odnosno preliv iz revizionog okna RO5918 u reviziono okno RO5920, u cilju rastere\u0107ivanja kolektora atmosferske kanalizacije, odnosno kanala sa re\u0161etkom u Njego\u0161evoj ulici.<\/p>\n\n\n\n<p>Ugovorena vrijednost radova sa PDV-om iznosi 179.736,24 eura, a rok za izvo\u0111enje radova je 60 kalendarskih dana od dana uvo\u0111enja izvo\u0111a\u010da u posao.<\/p>\n\n\n\n<p><\/p>","protected":false},"excerpt":{"rendered":"<p>Radovi na rekonstrukciji Boke\u0161ke ulice, na dionici od Ulice slobode do Njego\u0161eve ulice, u okviru zahvata DUP-a \u201eNova Varo\u0161 \u2013 blok F\u201c, uskoro po\u010dinju, a kako je saop\u0161teno iz Agencija za izgradnju i razvoj Podgorice, rije\u010d je o projektu koji \u0107e se realizovati u postoje\u0107im gabaritima sa ciljem unapre\u0111enja saobra\u0107ajne i komunalne infrastrukture u ovom dijelu grada.<\/p>","protected":false},"author":13,"featured_media":962880,"comment_status":"open","ping_status":"open","sticky":false,"template":"","format":"standard","meta":{"_acf_changed":false,"footnotes":"","jetpack_publicize_message":"","jetpack_publicize_feature_enabled":true,"jetpack_social_post_already_shared":true,"jetpack_social_options":{"image_generator_settings":{"template":"highway","default_image_id":0,"font":"","enabled":false},"version":2}},"categories":[6],"tags":[31536,116,28],"naslovna":[908],"class_list":["post-962876","post","type-post","status-publish","format-standard","has-post-thumbnail","hentry","category-podgorica","tag-bokeska-ulica","tag-glavni-grad","tag-podgorica","naslovna-izdvajamo"],"acf":[],"jetpack_publicize_connections":[],"_links":{"self":[{"href":"https:\/\/gradski.me\/en\/wp-json\/wp\/v2\/posts\/962876","targetHints":{"allow":["GET"]}}],"collection":[{"href":"https:\/\/gradski.me\/en\/wp-json\/wp\/v2\/posts"}],"about":[{"href":"https:\/\/gradski.me\/en\/wp-json\/wp\/v2\/types\/post"}],"author":[{"embeddable":true,"href":"https:\/\/gradski.me\/en\/wp-json\/wp\/v2\/users\/13"}],"replies":[{"embeddable":true,"href":"https:\/\/gradski.me\/en\/wp-json\/wp\/v2\/comments?post=962876"}],"version-history":[{"count":1,"href":"https:\/\/gradski.me\/en\/wp-json\/wp\/v2\/posts\/962876\/revisions"}],"predecessor-version":[{"id":962886,"href":"https:\/\/gradski.me\/en\/wp-json\/wp\/v2\/posts\/962876\/revisions\/962886"}],"wp:featuredmedia":[{"embeddable":true,"href":"https:\/\/gradski.me\/en\/wp-json\/wp\/v2\/media\/962880"}],"wp:attachment":[{"href":"https:\/\/gradski.me\/en\/wp-json\/wp\/v2\/media?parent=962876"}],"wp:term":[{"taxonomy":"category","embeddable":true,"href":"https:\/\/gradski.me\/en\/wp-json\/wp\/v2\/categories?post=962876"},{"taxonomy":"post_tag","embeddable":true,"href":"https:\/\/gradski.me\/en\/wp-json\/wp\/v2\/tags?post=962876"},{"taxonomy":"naslovna","embeddable":true,"href":"https:\/\/gradski.me\/en\/wp-json\/wp\/v2\/naslovna?post=962876"}],"curies":[{"name":"wp","href":"https:\/\/api.w.org\/{rel}","templated":true}]}}