{"id":962854,"date":"2026-04-27T15:31:10","date_gmt":"2026-04-27T13:31:10","guid":{"rendered":"https:\/\/gradski.me\/?p=962854"},"modified":"2026-04-27T15:31:13","modified_gmt":"2026-04-27T13:31:13","slug":"kavcani-osudjeni-u-becu","status":"publish","type":"post","link":"https:\/\/gradski.me\/en\/hronika\/kavcani-osudjeni-u-becu\/","title":{"rendered":"&#8222;Kav\u010dani&#8220; osu\u0111eni u Be\u010du"},"content":{"rendered":"<p>Jedan hrvatski biznismen je u martu 2020. godine bio namamljen u Be\u010d, gdje je u jednom apartmanu u centru grada bio mu\u010den, pi\u0161e&nbsp;<a href=\"https:\/\/www.bvz.at\/in-ausland\/prozess-mafia-prozess-gegen-kavac-clan-um-erpressung-in-wien-520014988\" target=\"_blank\" rel=\"noreferrer noopener\">bvz.at.<\/a><\/p>\n\n\n\n<p>&#8222;\u010covjek je na kraju bio primoran da plati 10.000 eura. U planiranju i organizaciji, prema optu\u017enici, u\u010destvovao je i 61-godi\u0161nji Crnogorac, koji je na osnovu evropskog naloga za hap\u0161enje prije nekoliko mjeseci uhap\u0161en u Beogradu, a po\u010detkom godine izru\u010den pravosu\u0111u u Be\u010du. Prema navodima optu\u017ebe, on je li\u010dno bio prisutan na mjestu zlo\u010dina i putem navodno bezbjednog kripto-telefona izvje\u0161tavao druge \u010dlanove grupe o de\u0161avanjima u stanu&#8220;, navedeno je.<\/p>\n\n\n\n<p>Citirane su i neke od poruka koje je slao drugim \u010dlanovima grupe, a navodi se &#8222;udario ga je pi\u0161toljem, krvari\u201c.<\/p>\n\n\n\n<p>&#8222;Kada je \u017ertva rekla da ne mo\u017ee da plati prvobitno tra\u017eenih milion eura jer nije dovoljno imu\u0107na, 61-godi\u0161njak mu je, prema rije\u010dima tu\u017eioca, povjerovao, pozivaju\u0107i se na jo\u0161 jedan chat. Naveo je da je \u017ertva presravljena&#8220;, ukazano je.<\/p>\n\n\n\n<p>Pred vije\u0107em sudija odgovarao je i 39-godi\u0161nji Crnogorac, koji je, po nalogu 61-godi\u0161njaka, za 300 eura kupio \u010detiri pi\u0161tolja i nabavio plasti\u010dne lisice i ljepljive trake za vezivanje Hrvata. Mla\u0111i optu\u017eeni je, prema optu\u017enici, potom oti\u0161ao u Beograd kako bi preuzeo novac koji je na kraju ispla\u0107en.<br><br>&#8222;Obojicu optu\u017eenih terete podaci sa zaplijenjenih kripto-telefona, koji se, prema optu\u017ebi, na osnovu PIN kodova mogu jasno povezati s njima. Suprotno njihovim o\u010dekivanjima, ure\u0111aji koje su koristili za komunikaciju sa drugim \u010dlanovima klana su de\u0161ifrovani i analizirani. Osim poruka koje ukazuju da su oba optu\u017eena bila na mjestu zlo\u010dina, policija je prona\u0161la i selfije koji potvr\u0111uju njihov boravak u Be\u010du u martu 2020. \u010cak su slali i audio-fajlove u kojima su prije i poslije zlo\u010dina konkretno govorili o de\u0161avanjima u apartmanu u centru Be\u010da, naveo je tu\u017eilac. U sudnici je pu\u0161teno nekoliko tih snimaka. Optu\u017eeni su tvrdili da to nijesu njihovi glasovi i da je rije\u010d o manipulaciji&#8220;, pi\u0161e u \u010dlanku.<\/p>\n\n\n\n<p>Crnogorci su osporili i ostale dokaze, dodaje se.<\/p>\n\n\n\n<p>&#8222;Ni\u0161ta od ovoga nije istina. Ja ovo nijesam uradio\u201c, rekao je 39-godi\u0161njak.<\/p>\n\n\n\n<p>Fotografije na kojima se vidi, kako tvrdi, &#8222;foto\u0161opirane su\u201c. \u0160ezdesetjednogodi\u0161njak je optu\u017enicu nazvao &#8222;pri\u010dom za kafu\u201c. Prije toga je vrije\u0111ao tu\u017eioca i prekidao ga.&nbsp;<\/p>\n\n\n\n<p>&#8222;On tvrdi da je \u017ertva &#8222;kra\u0111e identiteta\u201c, dodaje se.<\/p>\n\n\n\n<p>&#8222;Svaki dobar informati\u010dar i vje\u0161ta\u010dka inteligencija mogu da me ubace u te slike\u201c, rekao je.<\/p>\n\n\n\n<p>Chatove je nazvao \u201eglupo\u0161\u0107u od prve do posljednje stranice\u201c i dodao sudiji: \u201eNe morate ni\u0161ta da \u010ditate. Sve je izmi\u0161ljeno. Mene ovo ne zanima\u201c.<\/p>\n\n\n\n<p>&#8222;Od ro\u0111enja nijesam bio u Be\u010du. \u0160ta \u0107e mi Be\u010d kad Beograd ima tri miliona stanovnika\u201c, rekao je uzrujano.<\/p>\n\n\n\n<p>Tvrdio je da je kao bokser u SAD zaradio &#8222;100 miliona dolara\u201c, a potom ulagao u hotele, lokale i gara\u017ee.<\/p>\n\n\n\n<p>&#8222;To zna cijela Srbija i Crna Gora\u201c, rekao je, dodaju\u0107i da vrijedi 200 miliona eura i da je apsurdno dovoditi ga u vezu s te\u0161kim kriminalom.<\/p>\n\n\n\n<p>Sud to nije prihvatio.<\/p>\n\n\n\n<p>&#8222;Nema nikakve kra\u0111e identiteta\u201c, rekao je predsjedavaju\u0107i sudija, navode\u0107i da su optu\u017eeni jasno povezani sa zlo\u010dinom.<\/p>\n\n\n\n<p>&#8222;Presude nijesu pravosna\u017ene. \u0160ezdesetjednogodi\u0161njak je burno reagovao i uzvikivao: &#8216;Ovo je nasilje&#8217;. Obratio se advokatici rije\u010dima: &#8216;\u017dalba. Do Strazbura. Odmah\u201c, pi\u0161e u tekstu.<\/p>\n\n\n\n<p>Tridesetdevetogodi\u0161njak je tra\u017eio vrijeme za razmi\u0161ljanje. Tu\u017eilac smatra da su kazne preblage i najavio je \u017ealbu. Identitet osu\u0111enih nije naveden.&nbsp;<\/p>\n\n\n\n<p>&#8222;Prema saznanjima be\u010dkog tu\u017eila\u0161tva, u iznudi je u\u010destvovalo ukupno sedam osoba. Dvojica su ve\u0107 u novembru na sudu u Be\u010du pravosna\u017eno osu\u0111ena na \u0161est i sedam godina zatvora. Jedan 57-godi\u0161njak, optu\u017een kao &#8222;\u010duvar\u201c, oslobo\u0111en je zbog nedostatka dokaza.<\/p>\n\n\n\n<p>Sud je smatrao da pripada kava\u010dkom klanu, ali nije dokazano da je patrolirao u parku kod apartmana u be\u010dkom naselju Leopold\u0161tat, gdje se zlo\u010din dogodio.<\/p>\n\n\n\n<p>Ipak, njemu \u0107e se uskoro suditi za razbojni\u0161tvo i druga krivi\u010dna djela, prenosi&nbsp;bvz.at.&nbsp;<\/p>","protected":false},"excerpt":{"rendered":"<p>Austrijski mediji objavili su da je tamo\u0161nji sud izrekao prve presude u vezi sa slu\u010dajem iznude koju su \u010dlanovi ozlogla\u0161enog &#8222;kava\u010dkog klana&#8220; iz Be\u010da organizovali u martu 2020. godine. Kako je objavljeno, u petak su pred be\u010dkim Pokrajinskim sudom dvojica navodnih pripadnika te mafija\u0161ke grupe, zbog te\u0161ke iznude, nepravosna\u017eno osu\u0111eni na po \u0161est i po godina zatvora.<\/p>","protected":false},"author":13,"featured_media":962859,"comment_status":"open","ping_status":"open","sticky":false,"template":"","format":"standard","meta":{"_acf_changed":false,"footnotes":"","jetpack_publicize_message":"","jetpack_publicize_feature_enabled":true,"jetpack_social_post_already_shared":true,"jetpack_social_options":{"image_generator_settings":{"template":"highway","default_image_id":0,"font":"","enabled":false},"version":2}},"categories":[10],"tags":[1834,6021,948],"naslovna":[910],"class_list":["post-962854","post","type-post","status-publish","format-standard","has-post-thumbnail","hentry","category-hronika","tag-bec","tag-kavacki-klan-2","tag-presuda","naslovna-preporuceno"],"acf":[],"jetpack_publicize_connections":[],"_links":{"self":[{"href":"https:\/\/gradski.me\/en\/wp-json\/wp\/v2\/posts\/962854","targetHints":{"allow":["GET"]}}],"collection":[{"href":"https:\/\/gradski.me\/en\/wp-json\/wp\/v2\/posts"}],"about":[{"href":"https:\/\/gradski.me\/en\/wp-json\/wp\/v2\/types\/post"}],"author":[{"embeddable":true,"href":"https:\/\/gradski.me\/en\/wp-json\/wp\/v2\/users\/13"}],"replies":[{"embeddable":true,"href":"https:\/\/gradski.me\/en\/wp-json\/wp\/v2\/comments?post=962854"}],"version-history":[{"count":1,"href":"https:\/\/gradski.me\/en\/wp-json\/wp\/v2\/posts\/962854\/revisions"}],"predecessor-version":[{"id":962862,"href":"https:\/\/gradski.me\/en\/wp-json\/wp\/v2\/posts\/962854\/revisions\/962862"}],"wp:featuredmedia":[{"embeddable":true,"href":"https:\/\/gradski.me\/en\/wp-json\/wp\/v2\/media\/962859"}],"wp:attachment":[{"href":"https:\/\/gradski.me\/en\/wp-json\/wp\/v2\/media?parent=962854"}],"wp:term":[{"taxonomy":"category","embeddable":true,"href":"https:\/\/gradski.me\/en\/wp-json\/wp\/v2\/categories?post=962854"},{"taxonomy":"post_tag","embeddable":true,"href":"https:\/\/gradski.me\/en\/wp-json\/wp\/v2\/tags?post=962854"},{"taxonomy":"naslovna","embeddable":true,"href":"https:\/\/gradski.me\/en\/wp-json\/wp\/v2\/naslovna?post=962854"}],"curies":[{"name":"wp","href":"https:\/\/api.w.org\/{rel}","templated":true}]}}