{"id":962842,"date":"2026-04-27T14:45:43","date_gmt":"2026-04-27T12:45:43","guid":{"rendered":"https:\/\/gradski.me\/?p=962842"},"modified":"2026-04-27T14:45:44","modified_gmt":"2026-04-27T12:45:44","slug":"kotor-krivicna-prijava-protiv-tri-osobe-zbog-nasilnickog-ponasanja","status":"publish","type":"post","link":"https:\/\/gradski.me\/en\/hronika\/kotor-krivicna-prijava-protiv-tri-osobe-zbog-nasilnickog-ponasanja\/","title":{"rendered":"Kotor: Krivi\u010dna prijava protiv tri osobe zbog nasilni\u010dkog pona\u0161anja"},"content":{"rendered":"<p>\u201ePostupaju\u0107i po prijavi o\u0161te\u0107enog, koji je naveo da je 25. aprila, dok se nalazio u Starom gradu u Kotoru, fizi\u010dki napadnut i tom prilikom zadobio tjelesne povrede, policijski slu\u017ebenici su o doga\u0111aju obavijestili postupaju\u0107eg tu\u017eioca i preduzeli mjere i radnje iz svoje nadle\u017enosti, te prikupili obavje\u0161tenja od vi\u0161e lica\u201c, precizirano je u saop\u0161tenju.<\/p>\n\n\n\n<p>O\u0161te\u0107enom je ukazana ljekarska pomo\u0107 u Hitnoj medicinskoj pomo\u0107i, nakon \u010dega je prevezen u Specijalnu bolnicu u Risnu radi daljeg lije\u010denja.<\/p>\n\n\n\n<p>\u201eSprovedenom kriminalisti\u010dkom obradom identifikovana su tri u\u010desnika doga\u0111aja: S.M. (19) iz Tivta, V.M. (18) iz Kotora i jedno maloljetno lice (17) iz Kotora. Kako se sumnja, oni su navedenog dana, oko 18 \u010dasova, u dijelu grada &#8211; Stari grad, na javnom mjestu, nakon kra\u0107e verbalne rasprave, fizi\u010dki napali o\u0161te\u0107enog, zadaju\u0107i mu vi\u0161e udaraca \u0161akama u predjelu glave i tijela, usljed \u010dega je o\u0161te\u0107eni pao na betonsku podlogu, nakon \u010dega su mu zadali vi\u0161e udaraca nogama u predjelu glave i tijela, kojom prilikom je zadobio tjelesne povrede\u201c, navodi se u saop\u0161tenju.<\/p>\n\n\n\n<p>Policijski slu\u017ebenici su, nakon preduzetih aktivnosti i u koordinaciji sa dr\u017eavnim tu\u017eiocem u Osnovnom dr\u017eavnom tu\u017eila\u0161tvu u Kotoru, podnijeli krivi\u010dne prijave protiv V.M., S.M. i maloljetnog lica zbog sumnje da su po\u010dinili krivi\u010dno djelo nasilni\u010dko pona\u0161anje.<\/p>","protected":false},"excerpt":{"rendered":"<p>Policijski slu\u017ebenici Odjeljenja bezbjednosti Kotor su, po nalogu tu\u017eioca u Osnovnom dr\u017eavnom tu\u017eila\u0161tvu u Kotoru, podnijeli krivi\u010dnu prijavu protiv tri lica iz Kotora i Tivta, od kojih je jedno maloljetno, zbog sumnje da su po\u010dinila krivi\u010dno djelo nasilni\u010dko pona\u0161anje na \u0161tetu jednog lica iz Kotora, saop\u0161teno je iz Uprave policije. <\/p>","protected":false},"author":13,"featured_media":925625,"comment_status":"open","ping_status":"open","sticky":false,"template":"","format":"standard","meta":{"_acf_changed":false,"footnotes":"","jetpack_publicize_message":"","jetpack_publicize_feature_enabled":true,"jetpack_social_post_already_shared":true,"jetpack_social_options":{"image_generator_settings":{"template":"highway","default_image_id":0,"font":"","enabled":false},"version":2}},"categories":[10],"tags":[134,742,6201],"naslovna":[908],"class_list":["post-962842","post","type-post","status-publish","format-standard","has-post-thumbnail","hentry","category-hronika","tag-kotor","tag-krivicna-prijava","tag-nasilnicko-ponasanje","naslovna-izdvajamo"],"acf":[],"jetpack_publicize_connections":[],"_links":{"self":[{"href":"https:\/\/gradski.me\/en\/wp-json\/wp\/v2\/posts\/962842","targetHints":{"allow":["GET"]}}],"collection":[{"href":"https:\/\/gradski.me\/en\/wp-json\/wp\/v2\/posts"}],"about":[{"href":"https:\/\/gradski.me\/en\/wp-json\/wp\/v2\/types\/post"}],"author":[{"embeddable":true,"href":"https:\/\/gradski.me\/en\/wp-json\/wp\/v2\/users\/13"}],"replies":[{"embeddable":true,"href":"https:\/\/gradski.me\/en\/wp-json\/wp\/v2\/comments?post=962842"}],"version-history":[{"count":1,"href":"https:\/\/gradski.me\/en\/wp-json\/wp\/v2\/posts\/962842\/revisions"}],"predecessor-version":[{"id":962843,"href":"https:\/\/gradski.me\/en\/wp-json\/wp\/v2\/posts\/962842\/revisions\/962843"}],"wp:featuredmedia":[{"embeddable":true,"href":"https:\/\/gradski.me\/en\/wp-json\/wp\/v2\/media\/925625"}],"wp:attachment":[{"href":"https:\/\/gradski.me\/en\/wp-json\/wp\/v2\/media?parent=962842"}],"wp:term":[{"taxonomy":"category","embeddable":true,"href":"https:\/\/gradski.me\/en\/wp-json\/wp\/v2\/categories?post=962842"},{"taxonomy":"post_tag","embeddable":true,"href":"https:\/\/gradski.me\/en\/wp-json\/wp\/v2\/tags?post=962842"},{"taxonomy":"naslovna","embeddable":true,"href":"https:\/\/gradski.me\/en\/wp-json\/wp\/v2\/naslovna?post=962842"}],"curies":[{"name":"wp","href":"https:\/\/api.w.org\/{rel}","templated":true}]}}