{"id":962828,"date":"2026-04-27T14:20:55","date_gmt":"2026-04-27T12:20:55","guid":{"rendered":"https:\/\/gradski.me\/?p=962828"},"modified":"2026-04-27T14:20:58","modified_gmt":"2026-04-27T12:20:58","slug":"ministar-simun-institut-igalo-ulazi-u-fazu-stabilizacije-i-rekonstrukcije","status":"publish","type":"post","link":"https:\/\/gradski.me\/en\/drustvo\/ministar-simun-institut-igalo-ulazi-u-fazu-stabilizacije-i-rekonstrukcije\/","title":{"rendered":"Ministar \u0160imun: Institut Igalo ulazi u fazu stabilizacije i rekonstrukcije"},"content":{"rendered":"<p><\/p>\n\n\n\n<p><\/p>\n\n\n\n<p><\/p>\n\n\n\n<p>Dokapitalizacija, kao centralni stub restrukturiranja, realizovana je kroz dva kruga upisa akcija uz u\u010de\u0161\u0107e ve\u0107inskog i manjinskog akcionara, \u010dime su obezbije\u0111ena planirana sredstva i stvoreni uslovi za finansijsku stabilnost.<\/p>\n\n\n\n<p>Ministar \u0160imun tom prilikom je istakao da zavr\u0161etak ovog procesa predstavlja prekretnicu.<\/p>\n\n\n\n<p>\u201eNapravili smo klju\u010dni iskorak \u2013 Institut Igalo danas ulazi u fazu stabilizacije, sa jasnim planom razvoja. Naredni korak je jednako va\u017ean: rekonstrukcija objekata i podizanje kvaliteta smje\u0161tajnih jedinica, kako bismo unaprijedili uslugu i oja\u010dali konkurentnost na tr\u017ei\u0161tu\u201c, poru\u010dio je \u0160imun.<\/p>\n\n\n\n<p>Sredstva od dokapitalizacije ve\u0107 su usmjerena na stabilizaciju poslovanja kroz izmirenje obaveza i unapre\u0111enje likvidnosti, \u010dime je Institut iza\u0161ao iz zone finansijske neizvjesnosti i obezbijedio stabilno i predvidivo poslovanje.<\/p>\n\n\n\n<p>U narednom periodu fokus \u0107e biti na operativnoj konsolidaciji, kontroli tro\u0161kova i realizaciji planiranih investicija, posebno u dijelu rekonstrukcije i modernizacije smje\u0161tajnih kapaciteta.<\/p>\n\n\n\n<p>\u201cNa\u0161 cilj nije samo finansijski oporavak, ve\u0107 su\u0161tinska transformacija Instituta kroz unapre\u0111enje kvaliteta usluga, bolje uslove za pacijente i pozicioniranje ovog Instituta kao prepoznatljive destinacije zdravstvenog turizma\u201c, naglasio je ministar \u0160imun.<\/p>\n\n\n\n<p>On je poru\u010dio da \u0107e Ministarstvo na \u010dijem je \u010delu nastaviti da pru\u017ea punu podr\u0161ku daljoj realizaciji Plana restrukturiranja, sa ciljem da Institut Igalo bude finansijski odr\u017eiv, konkurentan i sna\u017ean stub zdravstvenog i turisti\u010dkog sistema Crne Gore.<\/p>","protected":false},"excerpt":{"rendered":"<p>Na \u0161estoj sjednici Komisije za pra\u0107enje Plana restrukturiranja Instituta za fizikalnu medicinu, rehabilitaciju i reumatologiju \u201eDr Simo Milo\u0161evi\u0107\u201c A.D. Igalo, kojom je predsjedavao ministar zdravlja Crne Gore dr Vojislav \u0160imun, konstatovano je da je proces restrukturiranja u\u0161ao u klju\u010dnu fazu stabilizacije i daljeg razvoja.<\/p>","protected":false},"author":7,"featured_media":962829,"comment_status":"open","ping_status":"open","sticky":false,"template":"","format":"standard","meta":{"_acf_changed":false,"footnotes":"","jetpack_publicize_message":"","jetpack_publicize_feature_enabled":true,"jetpack_social_post_already_shared":true,"jetpack_social_options":{"image_generator_settings":{"template":"highway","default_image_id":0,"font":"","enabled":false},"version":2}},"categories":[9],"tags":[31534,804,5769],"naslovna":[910],"class_list":["post-962828","post","type-post","status-publish","format-standard","has-post-thumbnail","hentry","category-drustvo","tag-institut-igralo","tag-ministarstvo-zdravlja","tag-simun","naslovna-preporuceno"],"acf":[],"jetpack_publicize_connections":[],"_links":{"self":[{"href":"https:\/\/gradski.me\/en\/wp-json\/wp\/v2\/posts\/962828","targetHints":{"allow":["GET"]}}],"collection":[{"href":"https:\/\/gradski.me\/en\/wp-json\/wp\/v2\/posts"}],"about":[{"href":"https:\/\/gradski.me\/en\/wp-json\/wp\/v2\/types\/post"}],"author":[{"embeddable":true,"href":"https:\/\/gradski.me\/en\/wp-json\/wp\/v2\/users\/7"}],"replies":[{"embeddable":true,"href":"https:\/\/gradski.me\/en\/wp-json\/wp\/v2\/comments?post=962828"}],"version-history":[{"count":1,"href":"https:\/\/gradski.me\/en\/wp-json\/wp\/v2\/posts\/962828\/revisions"}],"predecessor-version":[{"id":962830,"href":"https:\/\/gradski.me\/en\/wp-json\/wp\/v2\/posts\/962828\/revisions\/962830"}],"wp:featuredmedia":[{"embeddable":true,"href":"https:\/\/gradski.me\/en\/wp-json\/wp\/v2\/media\/962829"}],"wp:attachment":[{"href":"https:\/\/gradski.me\/en\/wp-json\/wp\/v2\/media?parent=962828"}],"wp:term":[{"taxonomy":"category","embeddable":true,"href":"https:\/\/gradski.me\/en\/wp-json\/wp\/v2\/categories?post=962828"},{"taxonomy":"post_tag","embeddable":true,"href":"https:\/\/gradski.me\/en\/wp-json\/wp\/v2\/tags?post=962828"},{"taxonomy":"naslovna","embeddable":true,"href":"https:\/\/gradski.me\/en\/wp-json\/wp\/v2\/naslovna?post=962828"}],"curies":[{"name":"wp","href":"https:\/\/api.w.org\/{rel}","templated":true}]}}