{"id":962813,"date":"2026-04-27T14:06:42","date_gmt":"2026-04-27T12:06:42","guid":{"rendered":"https:\/\/gradski.me\/?p=962813"},"modified":"2026-04-27T14:06:44","modified_gmt":"2026-04-27T12:06:44","slug":"miscevic-parlament-dobija-jos-znacajniju-ulogu-nakon-pristupanja-eu","status":"publish","type":"post","link":"https:\/\/gradski.me\/en\/politika\/miscevic-parlament-dobija-jos-znacajniju-ulogu-nakon-pristupanja-eu\/","title":{"rendered":"Mi\u0161\u010devi\u0107: Parlament dobija jo\u0161 zna\u010dajniju ulogu nakon pristupanja EU"},"content":{"rendered":"<p>\u201ePredavanje je otvorio predsjednik Skup\u0161tine Crne Gore Andrija Mandi\u0107 koji je u svom obra\u0107anju istakao da Crna Gora predstavlja stabilnu i odgovornu dr\u017eavu, u kojoj postoji visok stepen politi\u010dke zrelosti i saglasnosti vlasti i opozicije oko klju\u010dnog cilja \u2013 punopravnog \u010dlanstva u Evropskoj uniji. Tokom izlaganja, predsjednik Mandi\u0107 je istakao je da upravo takvo jedinstvo predstavlja temelj daljeg napretka na evropskom putu\u201c, saop\u0161teno je iz Skup\u0161tine Crne Gore.<\/p>\n\n\n\n<p>On je naglasio da je aktuelni saziv Skup\u0161tine ostvario zna\u010dajne rezultate usvajanjem vi\u0161e od 400 zakona, od kojih je gotovo polovina bila od presudnog zna\u010daja za evropske integracije, \u0161to potvr\u0111uje sna\u017enu posve\u0107enost reformama, vladavini prava i uskla\u0111ivanju sa evropskim standardima.<\/p>\n\n\n\n<p>\u201eMandi\u0107 je ukazao i na nezamjenjivu ulogu parlamenta u procesu pristupanja EU, kako u dono\u0161enju zakona, tako i u ja\u010danju demokratske kontrole, transparentnosti i povjerenja gra\u0111ana, poru\u010div\u0161i: \u201eNa\u0161 cilj je jasan: da Crna Gora bude evropska zemlja \u2013 zemlja sre\u0107nih, bogatih i slobodnih ljudi\u201c, isti\u010de se u saop\u0161tenju.<\/p>\n\n\n\n<p>Prof. dr Tanja Mi\u0161\u010devi\u0107 govorila je o iskustvima dr\u017eava koje su pro\u0161le proces pristupanja Evropskoj uniji, sa posebnim osvrtom na izazove i obaveze koje parlamenti imaju kako u pretpristupnoj fazi, tako i nakon sticanja punopravnog \u010dlanstva.<\/p>\n\n\n\n<p>\u201eU svom izlaganju naglasila je zna\u010daj sveobuhvatnog uskla\u0111ivanja nacionalnog zakonodavstva sa pravnom tekovinom Evropske unije, kao i potrebu kontinuiranog ja\u010danja kontrolne i nadzorne funkcije parlamenta. Posebno je istakla klju\u010dnu ulogu parlamenta u nadzoru nad radom Vlade kao glavnog pregovara\u010da, kontroli sprovo\u0111enja usvojenih zakona, ali i pra\u0107enju transparentnog i namjenskog tro\u0161enja sredstava Evropske unije\u201c, stoji u saop\u0161tenju.<\/p>\n\n\n\n<p>Dodatno je ukazala na va\u017enost kori\u0161\u0107enja mehanizama poput poslani\u010dkih pitanja i interpelacije, kao i na potrebu aktivnog uklju\u010divanja civilnog dru\u0161tva kroz konsultacije sa organizacijama i saslu\u0161anja stru\u010dne javnosti.<\/p>\n\n\n\n<p>\u201eGovore\u0107i o periodu nakon pristupanja, prof. dr Mi\u0161\u010devi\u0107 je naglasila da parlament dobija jo\u0161 zna\u010dajniju ulogu, posebno u kontroli podzakonskih akata i pra\u0107enju efekata primjene zakona u praksi. Zaklju\u010dila je da je od presudne va\u017enosti temeljno razumijevanje procesa evropskih integracija, kako prije tako i nakon \u010dlanstva, uz istovremeno ja\u010danje politi\u010dke kulture i aktivno u\u010de\u0161\u0107e gra\u0111ana i civilnog sektora. Parlament, kako je istakla, i u tim okolnostima ostaje klju\u010dna institucija demokratskog sistema\u201c, nagla\u0161va se u saop\u0161tenju.<\/p>\n\n\n\n<p>&nbsp;U okviru doga\u0111aja uprili\u010dena je i diskusija tokom koje su u\u010desnici imali priliku da razmijene mi\u0161ljenja o aktuelnim izazovima u procesu evropskih integracija Crne Gore.<\/p>\n\n\n\n<p>\u201ePredavanju su prisustvovali studenti sa Fakulteta politi\u010dkih nauka, Pravnog i Ekonomskog fakulteta Univerziteta Crne Gore, kao i studenti Univerziteta Donja Gorica (UDG) i Pravnog fakulteta Univerziteta \u201eMediteran\u201c. Organizovanjem ovog predavanja Skup\u0161tina Crne Gore jo\u0161 jednom je potvrdila svoju posve\u0107enost ja\u010danju institucionalnih kapaciteta i aktivnom doprinosu evropskom putu dr\u017eave\u201c, zaklju\u010duje se u saop\u0161tenju.<\/p>","protected":false},"excerpt":{"rendered":"<p>U Skup\u0161tini Crne Gore danas je odr\u017eano predavanje na temu \u201eUloga parlamenta u procesu pristupanja dr\u017eave Evropskoj uniji i nakon stupanja u \u010dlanstvo\u201c, koje je odr\u017eala prof. dr Tanja Mi\u0161\u010devi\u0107.<\/p>","protected":false},"author":13,"featured_media":962815,"comment_status":"open","ping_status":"open","sticky":false,"template":"","format":"standard","meta":{"_acf_changed":false,"footnotes":"","jetpack_publicize_message":"","jetpack_publicize_feature_enabled":true,"jetpack_social_post_already_shared":true,"jetpack_social_options":{"image_generator_settings":{"template":"highway","default_image_id":0,"font":"","enabled":false},"version":2}},"categories":[7],"tags":[8005,100,31531],"naslovna":[],"class_list":["post-962813","post","type-post","status-publish","format-standard","has-post-thumbnail","hentry","category-politika","tag-predavanje","tag-skupstina-crne-gore","tag-tanja-miscevic"],"acf":[],"jetpack_publicize_connections":[],"_links":{"self":[{"href":"https:\/\/gradski.me\/en\/wp-json\/wp\/v2\/posts\/962813","targetHints":{"allow":["GET"]}}],"collection":[{"href":"https:\/\/gradski.me\/en\/wp-json\/wp\/v2\/posts"}],"about":[{"href":"https:\/\/gradski.me\/en\/wp-json\/wp\/v2\/types\/post"}],"author":[{"embeddable":true,"href":"https:\/\/gradski.me\/en\/wp-json\/wp\/v2\/users\/13"}],"replies":[{"embeddable":true,"href":"https:\/\/gradski.me\/en\/wp-json\/wp\/v2\/comments?post=962813"}],"version-history":[{"count":1,"href":"https:\/\/gradski.me\/en\/wp-json\/wp\/v2\/posts\/962813\/revisions"}],"predecessor-version":[{"id":962816,"href":"https:\/\/gradski.me\/en\/wp-json\/wp\/v2\/posts\/962813\/revisions\/962816"}],"wp:featuredmedia":[{"embeddable":true,"href":"https:\/\/gradski.me\/en\/wp-json\/wp\/v2\/media\/962815"}],"wp:attachment":[{"href":"https:\/\/gradski.me\/en\/wp-json\/wp\/v2\/media?parent=962813"}],"wp:term":[{"taxonomy":"category","embeddable":true,"href":"https:\/\/gradski.me\/en\/wp-json\/wp\/v2\/categories?post=962813"},{"taxonomy":"post_tag","embeddable":true,"href":"https:\/\/gradski.me\/en\/wp-json\/wp\/v2\/tags?post=962813"},{"taxonomy":"naslovna","embeddable":true,"href":"https:\/\/gradski.me\/en\/wp-json\/wp\/v2\/naslovna?post=962813"}],"curies":[{"name":"wp","href":"https:\/\/api.w.org\/{rel}","templated":true}]}}