{"id":962808,"date":"2026-04-27T13:58:44","date_gmt":"2026-04-27T11:58:44","guid":{"rendered":"https:\/\/gradski.me\/?p=962808"},"modified":"2026-04-27T13:58:45","modified_gmt":"2026-04-27T11:58:45","slug":"cgo-sindikat-prosvjete-crne-gore-prekinuo-saradnju-sa-vilinom-vlasi","status":"publish","type":"post","link":"https:\/\/gradski.me\/en\/drustvo\/cgo-sindikat-prosvjete-crne-gore-prekinuo-saradnju-sa-vilinom-vlasi\/","title":{"rendered":"CCE: The Education Union of Montenegro has terminated cooperation with \"Vilina Vlasi\""},"content":{"rendered":"<p>CGO i UDIK su u petak uputili inicijativu SPCG, tra\u017ee\u0107i da se ova saradnja prekine i ukazuju\u0107i da postoje brojne druge opcije za odmor i rehabilitaciju u Crnoj Gori i regionu.<\/p>\n\n\n\n<p>\u201eOmogu\u0107avanje pristupa\u010dnog odmora, uklju\u010duju\u0107i i pla\u0107anje na rate, kao i pru\u017eanje besplatnih aran\u017emana od strane Sindikata prosvjete, predstavlja va\u017ean vid podr\u0161ke zapo\u0161ljenima u obrazovanju. Rukovodstvo SPCG je dopisom CGO-u i UDIK-u, kao i javnim reagovanjem od 27. aprila 2026. godine, potvrdilo da su sara\u0111ivali sa vi\u0161egradskom banjom zbog povoljnijih cijena u odnosu na crnogorsko tr\u017ei\u0161te. No, CGO i UDIK smatraju da ekonomski razlozi ne mogu i ne smiju biti iznad eti\u010dkih standarda\u201c, saop\u0161teno je iz Centra za gra\u0111ansko obrazovanje.<\/p>\n\n\n\n<p>Iz CGO su naveli da cijene \u0161to je SPCG prepoznao ozbiljnost ovog pitanja i pozitivno reagovao na njihovu inicijativu i ove godine raskinuo saradnju sa banjom \u201eVilina vlas\u201c.<\/p>\n\n\n\n<p>\u201ePodsje\u0107amo da je \u201eVilina vlas\u201c tokom rata u Bosni i Hercegovini bio logor, u kojem je silovano oko 200 \u017eena bo\u0161nja\u010dke etni\u010dke pripadnosti. Ova \u010dinjenica name\u0107e posebnu odgovornost svim institucijama i organizacijama da vode ra\u010duna o simboli\u010dkom i stvarnom zna\u010denju prostora koje biraju za saradnju. CGO i UDIK su ranije uputili i inicijativu Fondu penzijskog i invalidskog osiguranja Crne Gore (Fond PIO) zahtijevaju\u0107i raskid saradnje sa banjom \u201eVilina vlas\u201c, \u0161to je izazvalo veliku medijsku zainteresovanost u obje dr\u017eave. Naposljetku, Fond PIO Crne Gore je raskinuo taj ugovor\u201c, navedeno je u saop\u0161tenju.<\/p>\n\n\n\n<p>CGO i UDIK smatraju da je prekid saradnje izme\u0111u SPCG i banje \u201eVilina vlas\u201c va\u017ean korak ka odgovornijem odnosu prema pro\u0161losti i po\u0161tovanju \u017ertava, ali i podsjetnik na potrebu da se eti\u010dki kriterijumi dosljedno ugra\u0111uju u sve institucionalne politike i programe.<\/p>\n\n\n\n<p>\u201eUDIK i CGO pozivaju i druge institucije i pravne subjekte u Crnoj Gori i Bosni i Hercegovini koji i dalje nude \u201eVilinu Vlas\u201c za sli\u010dne svrhe da hitno raskinu takve ugovore\u201c, zaklju\u010duje se u saop\u0161tenju.<\/p>","protected":false},"excerpt":{"rendered":"<p>Centar za gra\u0111ansko obrazovanje (CGO) iz Crne Gore i Udru\u017eenje za dru\u0161tvena istra\u017eivanja i komunikacije (UDIK) iz Bosne i Hercegovine pozdravljaju odluku Sindikata prosvjete Crne Gore (SPCG) da prekine saradnju sa rehabilitacionim centrom \u201eVilina Vlas\u201c u Vi\u0161egadu i ukloni ga iz ponude turisti\u010dke agencije \u201eProsvjeta\u201c, \u010diji je osniva\u010d ovaj sindikat. <\/p>","protected":false},"author":13,"featured_media":940768,"comment_status":"open","ping_status":"open","sticky":false,"template":"","format":"standard","meta":{"_acf_changed":false,"footnotes":"","jetpack_publicize_message":"","jetpack_publicize_feature_enabled":true,"jetpack_social_post_already_shared":true,"jetpack_social_options":{"image_generator_settings":{"template":"highway","default_image_id":0,"font":"","enabled":false},"version":2}},"categories":[9],"tags":[23778,242,28703],"naslovna":[],"class_list":["post-962808","post","type-post","status-publish","format-standard","has-post-thumbnail","hentry","category-drustvo","tag-centar-za-gradjansko-obrazovanje","tag-sindikat-prosvjete","tag-vilina-vlas"],"acf":[],"jetpack_publicize_connections":[],"_links":{"self":[{"href":"https:\/\/gradski.me\/en\/wp-json\/wp\/v2\/posts\/962808","targetHints":{"allow":["GET"]}}],"collection":[{"href":"https:\/\/gradski.me\/en\/wp-json\/wp\/v2\/posts"}],"about":[{"href":"https:\/\/gradski.me\/en\/wp-json\/wp\/v2\/types\/post"}],"author":[{"embeddable":true,"href":"https:\/\/gradski.me\/en\/wp-json\/wp\/v2\/users\/13"}],"replies":[{"embeddable":true,"href":"https:\/\/gradski.me\/en\/wp-json\/wp\/v2\/comments?post=962808"}],"version-history":[{"count":1,"href":"https:\/\/gradski.me\/en\/wp-json\/wp\/v2\/posts\/962808\/revisions"}],"predecessor-version":[{"id":962810,"href":"https:\/\/gradski.me\/en\/wp-json\/wp\/v2\/posts\/962808\/revisions\/962810"}],"wp:featuredmedia":[{"embeddable":true,"href":"https:\/\/gradski.me\/en\/wp-json\/wp\/v2\/media\/940768"}],"wp:attachment":[{"href":"https:\/\/gradski.me\/en\/wp-json\/wp\/v2\/media?parent=962808"}],"wp:term":[{"taxonomy":"category","embeddable":true,"href":"https:\/\/gradski.me\/en\/wp-json\/wp\/v2\/categories?post=962808"},{"taxonomy":"post_tag","embeddable":true,"href":"https:\/\/gradski.me\/en\/wp-json\/wp\/v2\/tags?post=962808"},{"taxonomy":"naslovna","embeddable":true,"href":"https:\/\/gradski.me\/en\/wp-json\/wp\/v2\/naslovna?post=962808"}],"curies":[{"name":"wp","href":"https:\/\/api.w.org\/{rel}","templated":true}]}}