{"id":962801,"date":"2026-04-27T13:49:07","date_gmt":"2026-04-27T11:49:07","guid":{"rendered":"https:\/\/gradski.me\/?p=962801"},"modified":"2026-04-27T13:49:58","modified_gmt":"2026-04-27T11:49:58","slug":"zogovic-dobio-sam-tuzbu-prve-banke-zahvaljujem-na-prilici-da-aktuelizujemo-zaboravljene-teme","status":"publish","type":"post","link":"https:\/\/gradski.me\/en\/hronika\/zogovic-dobio-sam-tuzbu-prve-banke-zahvaljujem-na-prilici-da-aktuelizujemo-zaboravljene-teme\/","title":{"rendered":"Zogovi\u0107: I received a lawsuit from Prva Banka, I thank you for the opportunity to update forgotten topics"},"content":{"rendered":"<p>\u201eNa taj na\u010din su otvorena vrata dokaznom postupku koji \u0107e se sprovesti pred nadle\u017enim sudom i koji \u0107e omogu\u0107iti provjeru istinitosti navoda koje sam izrekao u pomenutoj emisiji, a koji su prije toga objavljeni nebrojeno puta u mnogobrojnim medijima u Crnoj Gori\u201c, naveo je Zogovi\u0107.<\/p>\n\n\n\n<p>On vjeruje da je u interesu javnosti da sazna punu istinu o predmetnom slu\u010daju i da li je sve bilo sprovedeno u skladu sa zakonom.<\/p>\n\n\n\n<p>\u201eSmatram da bi nezavisno vje\u0161ta\u010denje vje\u0161taka finansijske struke, kao i svjedo\u010denja menad\u017ementa \u201ePrve banke\u201c iz vremena pomenute nov\u010dane transakcije, kao i odgovornih iz tada\u0161nje izvr\u0161ne vlasti, moglo pomo\u0107i&nbsp; da poslije toliko godina napokon dobijemo odgovore na sva pitanja i nedoumice vezane za ovaj slu\u010daj. Po\u0161to imam sumnje da iza ovog tu\u017ebenog zahtjeva stoji gospodin Aco \u0110ukanovi\u0107, koristim priliku da se i njemu, za svaki slu\u010daj, zahvalim na prilici da aktuelizujemo nepravedno zaboravljene teme i preispitamo sva\u010diju odgovornost\u201c, zaklju\u010duje Zogovi\u0107.<\/p>\n\n\n\n<figure class=\"wp-block-embed is-type-wp-embed is-provider-pg-tv wp-block-embed-pg-tv\"><div class=\"wp-block-embed__wrapper\">\n<blockquote class=\"wp-embedded-content\" data-secret=\"pD8cCqoFfH\"><a href=\"https:\/\/gradski.me\/en\/hronika\/prva-banka-tuzila-miluna-zogovica\/\">Prva Banka Sues Milun Zogovi\u0107<\/a><\/blockquote><iframe class=\"wp-embedded-content\" sandbox=\"allow-scripts\" security=\"restricted\" style=\"position: absolute; visibility: hidden;\" title=\"&#8220;Prva banka tu\u017eila Miluna Zogovi\u0107a&#8221; &#8212; PG TV\" src=\"https:\/\/gradski.me\/hronika\/prva-banka-tuzila-miluna-zogovica\/embed\/#?secret=5FSJl9kY7Z#?secret=pD8cCqoFfH\" data-secret=\"pD8cCqoFfH\" width=\"600\" height=\"338\" frameborder=\"0\" marginwidth=\"0\" marginheight=\"0\" scrolling=\"no\"><\/iframe>\n<\/div><\/figure>","protected":false},"excerpt":{"rendered":"<p>Danas sam dobio tu\u017ebu koju je Osnovnom sudu podnijela \u201ePrva banka\u201c AD Podgorica, pa tim povodom koristim priliku da se zahvalim \u201ePrvoj banci\u201c na tu\u017ebenom zahtjevu zbog navoda koje sam iznio u emisiji \u201eFakti\u201c na Adria televiziji 7. marta 2026. godine, saop\u0161tio je potpredsjednik Demokratske narodne partije Milu  Zogovi\u0107. <\/p>","protected":false},"author":13,"featured_media":749579,"comment_status":"open","ping_status":"open","sticky":false,"template":"","format":"standard","meta":{"_acf_changed":false,"footnotes":"","jetpack_publicize_message":"","jetpack_publicize_feature_enabled":true,"jetpack_social_post_already_shared":true,"jetpack_social_options":{"image_generator_settings":{"template":"highway","default_image_id":0,"font":"","enabled":false},"version":2}},"categories":[10],"tags":[123,5616,313],"naslovna":[908],"class_list":["post-962801","post","type-post","status-publish","format-standard","has-post-thumbnail","hentry","category-hronika","tag-milun-zogovic","tag-prva-banka","tag-tuzba","naslovna-izdvajamo"],"acf":[],"jetpack_publicize_connections":[],"_links":{"self":[{"href":"https:\/\/gradski.me\/en\/wp-json\/wp\/v2\/posts\/962801","targetHints":{"allow":["GET"]}}],"collection":[{"href":"https:\/\/gradski.me\/en\/wp-json\/wp\/v2\/posts"}],"about":[{"href":"https:\/\/gradski.me\/en\/wp-json\/wp\/v2\/types\/post"}],"author":[{"embeddable":true,"href":"https:\/\/gradski.me\/en\/wp-json\/wp\/v2\/users\/13"}],"replies":[{"embeddable":true,"href":"https:\/\/gradski.me\/en\/wp-json\/wp\/v2\/comments?post=962801"}],"version-history":[{"count":1,"href":"https:\/\/gradski.me\/en\/wp-json\/wp\/v2\/posts\/962801\/revisions"}],"predecessor-version":[{"id":962803,"href":"https:\/\/gradski.me\/en\/wp-json\/wp\/v2\/posts\/962801\/revisions\/962803"}],"wp:featuredmedia":[{"embeddable":true,"href":"https:\/\/gradski.me\/en\/wp-json\/wp\/v2\/media\/749579"}],"wp:attachment":[{"href":"https:\/\/gradski.me\/en\/wp-json\/wp\/v2\/media?parent=962801"}],"wp:term":[{"taxonomy":"category","embeddable":true,"href":"https:\/\/gradski.me\/en\/wp-json\/wp\/v2\/categories?post=962801"},{"taxonomy":"post_tag","embeddable":true,"href":"https:\/\/gradski.me\/en\/wp-json\/wp\/v2\/tags?post=962801"},{"taxonomy":"naslovna","embeddable":true,"href":"https:\/\/gradski.me\/en\/wp-json\/wp\/v2\/naslovna?post=962801"}],"curies":[{"name":"wp","href":"https:\/\/api.w.org\/{rel}","templated":true}]}}