{"id":962773,"date":"2026-04-27T13:12:17","date_gmt":"2026-04-27T11:12:17","guid":{"rendered":"https:\/\/gradski.me\/?p=962773"},"modified":"2026-04-27T13:12:18","modified_gmt":"2026-04-27T11:12:18","slug":"podignuta-optuznica-protiv-osumnjicenih-za-prodaju-kokaina","status":"publish","type":"post","link":"https:\/\/gradski.me\/en\/hronika\/podignuta-optuznica-protiv-osumnjicenih-za-prodaju-kokaina\/","title":{"rendered":"Indictment filed against suspects for cocaine sales"},"content":{"rendered":"<p>Iz podgori\u010dkog Vi\u0161eg dr\u017eavnog tu\u017eila\u0161tva su saop\u0161tili da je optu\u017enica sa predlogom za produ\u017eenje pritvora dostavljena Vi\u0161em sudu u Podgorici na postupanje.<\/p>\n\n\n\n<p>Kako su rekli iz tog tu\u017eila\u0161tva, optu\u017enicom se okrivljenim osobama stavlja na teret da su 2. februara, u Danilovgradu, neovla\u0161\u0107eno radi prodaje dr\u017eali kokain.<\/p>\n\n\n\n<p>\u201cNa na\u010din \u0161to su u iznajmljenoj ku\u0107i dr\u017eali dva pvc pakovanja u kojima se nalazio kokain ukupne mase 529,15 grama\u201d, ka\u017ee se u saop\u0161tenju.<\/p>\n\n\n\n<p>Iz tu\u017eila\u0161tva su naveli da su policijski slu\u017ebenici tokom pretresa stana i drugih prostorija prona\u0161li i novac u razli\u010ditim apoenima i valuti, kao i da su predmeti koji su prona\u0111eni oduzeti.<\/p>","protected":false},"excerpt":{"rendered":"<p>Vi\u0161e dr\u017eavno tu\u017eila\u0161tvo u Podgorici podiglo je, nakon sprovedene istrage, optu\u017enicu protiv R.R. i R.P, zbog krivi\u010dnog djela neovla\u0161\u0107ena proizvodnja, dr\u017eanje i stavljanje u promet opojnih droga.<\/p>","protected":false},"author":13,"featured_media":962774,"comment_status":"open","ping_status":"open","sticky":false,"template":"","format":"standard","meta":{"_acf_changed":false,"footnotes":"","jetpack_publicize_message":"","jetpack_publicize_feature_enabled":true,"jetpack_social_post_already_shared":true,"jetpack_social_options":{"image_generator_settings":{"template":"highway","default_image_id":0,"font":"","enabled":false},"version":2}},"categories":[10],"tags":[4796,16564,1051],"naslovna":[908],"class_list":["post-962773","post","type-post","status-publish","format-standard","has-post-thumbnail","hentry","category-hronika","tag-optuznica","tag-prodaja-kokaina","tag-vise-drzavno-tuzilastvo-2","naslovna-izdvajamo"],"acf":[],"jetpack_publicize_connections":[],"_links":{"self":[{"href":"https:\/\/gradski.me\/en\/wp-json\/wp\/v2\/posts\/962773","targetHints":{"allow":["GET"]}}],"collection":[{"href":"https:\/\/gradski.me\/en\/wp-json\/wp\/v2\/posts"}],"about":[{"href":"https:\/\/gradski.me\/en\/wp-json\/wp\/v2\/types\/post"}],"author":[{"embeddable":true,"href":"https:\/\/gradski.me\/en\/wp-json\/wp\/v2\/users\/13"}],"replies":[{"embeddable":true,"href":"https:\/\/gradski.me\/en\/wp-json\/wp\/v2\/comments?post=962773"}],"version-history":[{"count":1,"href":"https:\/\/gradski.me\/en\/wp-json\/wp\/v2\/posts\/962773\/revisions"}],"predecessor-version":[{"id":962775,"href":"https:\/\/gradski.me\/en\/wp-json\/wp\/v2\/posts\/962773\/revisions\/962775"}],"wp:featuredmedia":[{"embeddable":true,"href":"https:\/\/gradski.me\/en\/wp-json\/wp\/v2\/media\/962774"}],"wp:attachment":[{"href":"https:\/\/gradski.me\/en\/wp-json\/wp\/v2\/media?parent=962773"}],"wp:term":[{"taxonomy":"category","embeddable":true,"href":"https:\/\/gradski.me\/en\/wp-json\/wp\/v2\/categories?post=962773"},{"taxonomy":"post_tag","embeddable":true,"href":"https:\/\/gradski.me\/en\/wp-json\/wp\/v2\/tags?post=962773"},{"taxonomy":"naslovna","embeddable":true,"href":"https:\/\/gradski.me\/en\/wp-json\/wp\/v2\/naslovna?post=962773"}],"curies":[{"name":"wp","href":"https:\/\/api.w.org\/{rel}","templated":true}]}}