{"id":962762,"date":"2026-04-27T12:35:52","date_gmt":"2026-04-27T10:35:52","guid":{"rendered":"https:\/\/gradski.me\/?p=962762"},"modified":"2026-04-27T12:35:54","modified_gmt":"2026-04-27T10:35:54","slug":"komora-poreskih-savjetnika-crne-gore-uspjesno-istupila-na-evropskoj-poreskoj-sceni","status":"publish","type":"post","link":"https:\/\/gradski.me\/en\/ekonomija\/komora-poreskih-savjetnika-crne-gore-uspjesno-istupila-na-evropskoj-poreskoj-sceni\/","title":{"rendered":"The Chamber of Tax Advisors of Montenegro successfully appeared on the European tax scene"},"content":{"rendered":"<p>\u201eForum je u fokusu imao analizu savremenih izazova u kreiranju poreskih politika u uslovima globalnih ekonomskih pritisaka, fiskalne odr\u017eivosti i potrebe za uskla\u0111ivanjem poreskog zakonodavsta sa pravnim tekovinama EU, s akcentom na koordinaciju nacionalnih poreskih politika u okviru Evropske unije\u201c, saop\u0161teno je iz Komore poreskih savjetnika Crne Gore.<\/p>\n\n\n\n<p>Predstavnik Komore poreskih savjetnika Crne Gore u Odboru za direktne poreze, poreska savjetnica Danijela Pejovi\u0107, upoznala je \u010dlanove ovog Odbora sa naporima i postignu\u0107uma koje je Crne Gora ostvarila u pravcu usagla\u0161avanja sa zakonodavstvom Evropske unije, sve u svjetlu o\u010dekivanog zatvaranja Poglavlja 16 -Porezi do kraja 2026.godine i stvaranja pretpostavki za planirani ulazak Crne Gore u Evropsku uniju 2028. godine.<\/p>\n\n\n\n<p>\u201ePredstavnik Komore poreskih savjetnika Crne Gore u Odboru za indirekrne poreze upoznao je \u010dlanove ovog Odbora CFE sa ostvarenjima na putu zaokru\u017eivanja kompletnog procesa elektronske fiskalizacije i usvajanja svih zakonskih i podzakonskih akata najkasnije do 30. juna 2026.godine, s posebnim osvrtom na&nbsp; novi Zakon&nbsp; o PDV. Predstavnik Komore poreskih savjetnika Crne Gore u Odboru za profesionalna pitanja CFE, poreska savjetnica Sonja Smolovi\u0107, ukazala na zna\u010daj adekvatnog pozicioniranja poreskih savjetnika u privrednom sistemu dr\u017eave, te \u010dinjenicu da poreski savjetnici ne bi tebalo da imaju ulogu koji imaju advokati u zastupnju u poreskim predmetima\u201c,navodi se u saop\u0161tenju.<\/p>\n\n\n\n<p>U\u010destvuju\u0107i na sjednici Generalne skup\u0161tine CFE, predsjednik Komore poreskih savjetnika Crne Gore Zoran Vuki\u0107evi\u0107 svojim istupanjem ukazao na zna\u010daj u\u010de\u0161\u010da predstavnika svih zemalja u kreiranju akata CFE, dao konkretne prijedloge i naglasio potebu transparentnosti i pro\u0161irenja baze podataka neophodnih pri izboru revizora Evropskog udru\u017eenja poreskih savjetnika CFE.<\/p>\n\n\n\n<p>\u201eNavedenim istupanjima predstavnici Komore poreskih savjetnika Crne Gore skrenuli pa\u017enju tamo\u0161nje stru\u010dne javnosti na potencijal koji Crna Gora ima u pravcu kreiranja doma\u0107e i evropske poreske i carinske legislative\u201c, zaklju\u010duje se u saop\u0161tenju.<\/p>","protected":false},"excerpt":{"rendered":"<p>Delegacija Komore poreskih savjetnika Crne Gore u Briselu uspje\u0161no je predstavila Crnu Goru na ovogodi\u0161njem Forumu Evropskog udru\u017eenja poreskih savjetnika CFE pod nazivom \u201cPoreska politika pod pritiskom: strategija, koherentnost i kompromisi , odr\u017eanom u Briselu 23. i 24. aprila ove godine.  <\/p>","protected":false},"author":13,"featured_media":962763,"comment_status":"open","ping_status":"open","sticky":false,"template":"","format":"standard","meta":{"_acf_changed":false,"footnotes":"","jetpack_publicize_message":"","jetpack_publicize_feature_enabled":true,"jetpack_social_post_already_shared":true,"jetpack_social_options":{"image_generator_settings":{"template":"highway","default_image_id":0,"font":"","enabled":false},"version":2}},"categories":[8],"tags":[4743,7058,31526],"naslovna":[],"class_list":["post-962762","post","type-post","status-publish","format-standard","has-post-thumbnail","hentry","category-ekonomija","tag-brisel","tag-forum","tag-komora-poreskih-savjetnika-crne-gore"],"acf":[],"jetpack_publicize_connections":[],"_links":{"self":[{"href":"https:\/\/gradski.me\/en\/wp-json\/wp\/v2\/posts\/962762","targetHints":{"allow":["GET"]}}],"collection":[{"href":"https:\/\/gradski.me\/en\/wp-json\/wp\/v2\/posts"}],"about":[{"href":"https:\/\/gradski.me\/en\/wp-json\/wp\/v2\/types\/post"}],"author":[{"embeddable":true,"href":"https:\/\/gradski.me\/en\/wp-json\/wp\/v2\/users\/13"}],"replies":[{"embeddable":true,"href":"https:\/\/gradski.me\/en\/wp-json\/wp\/v2\/comments?post=962762"}],"version-history":[{"count":1,"href":"https:\/\/gradski.me\/en\/wp-json\/wp\/v2\/posts\/962762\/revisions"}],"predecessor-version":[{"id":962764,"href":"https:\/\/gradski.me\/en\/wp-json\/wp\/v2\/posts\/962762\/revisions\/962764"}],"wp:featuredmedia":[{"embeddable":true,"href":"https:\/\/gradski.me\/en\/wp-json\/wp\/v2\/media\/962763"}],"wp:attachment":[{"href":"https:\/\/gradski.me\/en\/wp-json\/wp\/v2\/media?parent=962762"}],"wp:term":[{"taxonomy":"category","embeddable":true,"href":"https:\/\/gradski.me\/en\/wp-json\/wp\/v2\/categories?post=962762"},{"taxonomy":"post_tag","embeddable":true,"href":"https:\/\/gradski.me\/en\/wp-json\/wp\/v2\/tags?post=962762"},{"taxonomy":"naslovna","embeddable":true,"href":"https:\/\/gradski.me\/en\/wp-json\/wp\/v2\/naslovna?post=962762"}],"curies":[{"name":"wp","href":"https:\/\/api.w.org\/{rel}","templated":true}]}}