{"id":962752,"date":"2026-04-27T12:32:39","date_gmt":"2026-04-27T10:32:39","guid":{"rendered":"https:\/\/gradski.me\/?p=962752"},"modified":"2026-04-27T15:32:24","modified_gmt":"2026-04-27T13:32:24","slug":"grubac-postoji-tendencija-da-ce-crna-gora-uci-u-eu-2028-godine-moramo-rijesiti-parlamentarna-vecina-stabilna","status":"publish","type":"post","link":"https:\/\/gradski.me\/en\/politika\/grubac-postoji-tendencija-da-ce-crna-gora-uci-u-eu-2028-godine-moramo-rijesiti-parlamentarna-vecina-stabilna\/","title":{"rendered":"Gruba\u010d: Postoji tendencija da Crna Gora u\u0111e u EU 2028. godine, parlamentarna ve\u0107ina stabilna"},"content":{"rendered":"<p>\u201eJedni su govorili jedno, drugi su govorili drugo\u201c, rekao je \u0106osovi\u0107.<\/p>\n\n\n\n<p>Politi\u010dki analiti\u010dar Vojin Gruba\u010d ocijenio je da je te\u0161ko procijeniti da li \u0107e Crna Gora u\u0107i u EU.<\/p>\n\n\n\n<p>\u201ePostoji tendencija da \u0107e u\u0107i 2028. godine. Me\u0111utim, imamo odre\u0111ene stvari koje \u0107emo morati da rije\u0161imo, prije svega pravosudni sistem. Podsjetio bih da se vi\u0161e mora rje\u0161avati pitanje Specijalnog suda, zna\u010di vetinga, i imamo naravno problem Hrvatske koji \u0107e mo\u017eda biti klju\u010dni da se odugovla\u010di sa procesom pristupanja Crne Gore u EU. Veliki sam kriti\u010dar hrvatske politike prema Crnoj Gori i ra\u010dunam da je ona izuzetno dvoli\u010dna, ucjenjiva\u010dka i licemjerna. Nama Hrvatska pravi probleme zbog logora u Morinju, a na teritoriji Hrvatske u ratovima 90-ij je bio 221 logor i sabirni centar za Srbe. Hrvatska prikriva svoje zlo\u010dine, a ne\u010dije zlo\u010dine isti\u010de po maksimumu\u201c, naveo je Gruba\u010d.<\/p>\n\n\n\n<p>Prema njegovim rije\u010dima, crnogorska diplomatija je tu nemo\u0107na i ne snalazi se u odnosu prema Hrvatskoj.<\/p>\n\n\n\n<p>\u201eOna popu\u0161ta, a \u0161to vi\u0161e popu\u0161ta hrvatski apetiti rastu. Imamo ozbiljan problem sa Hrvatskom, Za logor u Morinju tra\u017ee 17 miliona eura, a za 221 logor u Hrvatskoj da li \u0107e dati 221 put po 17 miliona\u201c, rekao je Gruba\u010d.<\/p>\n\n\n\n<p>\u0106osovi\u0107 se saglasio sa Gruba\u010devom ocjenom da je na\u0161a diplomatija nemo\u0107na.<\/p>\n\n\n\n<p>\u201ePostavili smo se u polo\u017eaj nemo\u0107nog jer smo manji. Mi smo automatski zauzeli odbrambeni stav, ne tra\u017ee\u0107i na\u0161a prava. Da lismo se upla\u0161ili da nas oni ne zako\u010de? Povukli smo se potpuno u neku svoju komfor zonu i odatlke djelujemo da ne uvrijedimo nikoga. Mi moramo da imamo svoj stav. \u0160ta je simptomati\u010dno? &nbsp;Imamo odbrambeni stav samo kad je u pitanju Srbija, tu smo svi spremni da se bunimo. A kada je u pitanju Hrvatska, BiH i sotale zemlje imamo neki povu\u010den stav? Za\u0161to to radimo? Ajde da imamo isti narativ i da se jednako postavimo prema svima\u201c, poru\u010dio je \u0106osovi\u0107.<\/p>\n\n\n\n<p>On je istakao da u na\u0161oj javnosti nije ni pokrenuta pri\u010da vezano za prijem migranata.<\/p>\n\n\n\n<p>\u201eImamo li obavezu da prihvatimo jedan ozbiljan broj migranata? Imamo. Da li je to re\u010deno gra\u0111anima? Nije. Pokrenuta je samo pri\u010da o kampovima koji treba da se grade za migrante, jer \u010dinjenica je da \u0107e svake godine biti sve vi\u0161e i vi\u0161e migranata\u201c, naglasio je \u0106osovi\u0107.<\/p>\n\n\n\n<p>&nbsp;Gruba\u010d je ocijenio da je parlamentarna ve\u0107ina stabilna, a da je izlazak iz Vlade DNP-a \u201evi\u0161e pod uticajem spoljnih faktora\u201c.<\/p>\n\n\n\n<p>\u201ePomalo mi je apsurdna politika \u010delnika DNP-a. Pri\u010da oko povla\u010denja priznanja Kosova je zamajavanje javnosti. Na Kosovu ima mnogo problema i niko ne vodi ra\u010duna o tome u kakvom je stanju srpska zajednica nakon \u0161to ih je Vu\u010di\u0107 pustio niz vodu\u201c, zaklju\u010dio je Gruba\u010d.<\/p>\n\n\n\n<p><\/p>","protected":false},"excerpt":{"rendered":"<p>Ne vjerujem da \u0107e Crna Gora u\u0107i u Evropsku uniju 2028. godine. Moj li\u010dni dojam je da \u0107e se to desiti 2030. godine. Svakako da \u0107e Crna Gora postati dio Evropske unije kad -tad. Imali smo proteklih dana opre\u010dna mi\u0161ljenja ljudi iz vrha Evropske unije, saop\u0161tio je novinar Aleksandar \u0106osovi\u0107 u emisiji \u201ePressing\u201c na RTV Podgorica. <\/p>","protected":false},"author":13,"featured_media":962753,"comment_status":"open","ping_status":"open","sticky":false,"template":"","format":"standard","meta":{"_acf_changed":false,"footnotes":"","jetpack_publicize_message":"","jetpack_publicize_feature_enabled":true,"jetpack_social_post_already_shared":true,"jetpack_social_options":{"image_generator_settings":{"template":"highway","default_image_id":0,"font":"","enabled":false},"version":2}},"categories":[7],"tags":[31525,188,4515,1234],"naslovna":[],"class_list":["post-962752","post","type-post","status-publish","format-standard","has-post-thumbnail","hentry","category-politika","tag-aleksandar-cosovic","tag-crna-gora","tag-evropska-unija","tag-vojin-grubac"],"acf":[],"jetpack_publicize_connections":[],"_links":{"self":[{"href":"https:\/\/gradski.me\/en\/wp-json\/wp\/v2\/posts\/962752","targetHints":{"allow":["GET"]}}],"collection":[{"href":"https:\/\/gradski.me\/en\/wp-json\/wp\/v2\/posts"}],"about":[{"href":"https:\/\/gradski.me\/en\/wp-json\/wp\/v2\/types\/post"}],"author":[{"embeddable":true,"href":"https:\/\/gradski.me\/en\/wp-json\/wp\/v2\/users\/13"}],"replies":[{"embeddable":true,"href":"https:\/\/gradski.me\/en\/wp-json\/wp\/v2\/comments?post=962752"}],"version-history":[{"count":6,"href":"https:\/\/gradski.me\/en\/wp-json\/wp\/v2\/posts\/962752\/revisions"}],"predecessor-version":[{"id":962812,"href":"https:\/\/gradski.me\/en\/wp-json\/wp\/v2\/posts\/962752\/revisions\/962812"}],"wp:featuredmedia":[{"embeddable":true,"href":"https:\/\/gradski.me\/en\/wp-json\/wp\/v2\/media\/962753"}],"wp:attachment":[{"href":"https:\/\/gradski.me\/en\/wp-json\/wp\/v2\/media?parent=962752"}],"wp:term":[{"taxonomy":"category","embeddable":true,"href":"https:\/\/gradski.me\/en\/wp-json\/wp\/v2\/categories?post=962752"},{"taxonomy":"post_tag","embeddable":true,"href":"https:\/\/gradski.me\/en\/wp-json\/wp\/v2\/tags?post=962752"},{"taxonomy":"naslovna","embeddable":true,"href":"https:\/\/gradski.me\/en\/wp-json\/wp\/v2\/naslovna?post=962752"}],"curies":[{"name":"wp","href":"https:\/\/api.w.org\/{rel}","templated":true}]}}