{"id":962743,"date":"2026-04-27T12:04:47","date_gmt":"2026-04-27T10:04:47","guid":{"rendered":"https:\/\/gradski.me\/?p=962743"},"modified":"2026-04-27T15:32:02","modified_gmt":"2026-04-27T13:32:02","slug":"jokovic-dogovoreno-da-se-visak-mlijeka-izveze-u-zemlje-regiona","status":"publish","type":"post","link":"https:\/\/gradski.me\/en\/ekonomija\/jokovic-dogovoreno-da-se-visak-mlijeka-izveze-u-zemlje-regiona\/","title":{"rendered":"Jokovi\u0107: Dogovoreno da se vi\u0161ak mlijeka izveze u zemlje regiona"},"content":{"rendered":"<p><\/p>\n\n\n\n<p><\/p>\n\n\n\n<p><\/p>\n\n\n\n<p>Trgovci su, kako je dodao, kazali da su spremni da smanje uvoz mlijeka kako bi se rije\u0161io problem malih mljekara kojima je posljednjih dana obustavljen otkup mlijeka.<\/p>\n\n\n\n<p>Ministar je kazao da \u0107e Ministarstvo snositi tro\u0161kove transporta mlijeka u okolne zemlje radi prerade.<\/p>\n\n\n\n<p>Jokovi\u0107 je kazao da je rije\u010d o globalnoj krizi uzrokovanoj smanjenjem izvoza mlijeka iz Evrope zbog situacije na Bliskom istoku te da se ovo nije moglo predvidjeti.<\/p>","protected":false},"excerpt":{"rendered":"<p>Ministar poljoprivrede\u00a0Vladimir Jokovi\u0107\u00a0je nakon sastanka sa sto\u010darima, predstavnicima mljekara i trgova\u010dkih lanaca kazao da je dogovoreno da se vi\u0161ak mlijeka izveze u zemlje regiona gdje \u0107e se obraditi i pakovati u trajna pakovanja, pi\u0161e\u00a0Pobjeda.<\/p>","protected":false},"author":7,"featured_media":904462,"comment_status":"open","ping_status":"open","sticky":false,"template":"","format":"standard","meta":{"_acf_changed":false,"footnotes":"","jetpack_publicize_message":"","jetpack_publicize_feature_enabled":true,"jetpack_social_post_already_shared":true,"jetpack_social_options":{"image_generator_settings":{"template":"highway","default_image_id":0,"font":"","enabled":false},"version":2}},"categories":[8],"tags":[2146,9156],"naslovna":[],"class_list":["post-962743","post","type-post","status-publish","format-standard","has-post-thumbnail","hentry","category-ekonomija","tag-jokovic","tag-mlijeko"],"acf":[],"jetpack_publicize_connections":[],"_links":{"self":[{"href":"https:\/\/gradski.me\/en\/wp-json\/wp\/v2\/posts\/962743","targetHints":{"allow":["GET"]}}],"collection":[{"href":"https:\/\/gradski.me\/en\/wp-json\/wp\/v2\/posts"}],"about":[{"href":"https:\/\/gradski.me\/en\/wp-json\/wp\/v2\/types\/post"}],"author":[{"embeddable":true,"href":"https:\/\/gradski.me\/en\/wp-json\/wp\/v2\/users\/7"}],"replies":[{"embeddable":true,"href":"https:\/\/gradski.me\/en\/wp-json\/wp\/v2\/comments?post=962743"}],"version-history":[{"count":1,"href":"https:\/\/gradski.me\/en\/wp-json\/wp\/v2\/posts\/962743\/revisions"}],"predecessor-version":[{"id":962744,"href":"https:\/\/gradski.me\/en\/wp-json\/wp\/v2\/posts\/962743\/revisions\/962744"}],"wp:featuredmedia":[{"embeddable":true,"href":"https:\/\/gradski.me\/en\/wp-json\/wp\/v2\/media\/904462"}],"wp:attachment":[{"href":"https:\/\/gradski.me\/en\/wp-json\/wp\/v2\/media?parent=962743"}],"wp:term":[{"taxonomy":"category","embeddable":true,"href":"https:\/\/gradski.me\/en\/wp-json\/wp\/v2\/categories?post=962743"},{"taxonomy":"post_tag","embeddable":true,"href":"https:\/\/gradski.me\/en\/wp-json\/wp\/v2\/tags?post=962743"},{"taxonomy":"naslovna","embeddable":true,"href":"https:\/\/gradski.me\/en\/wp-json\/wp\/v2\/naslovna?post=962743"}],"curies":[{"name":"wp","href":"https:\/\/api.w.org\/{rel}","templated":true}]}}