{"id":962710,"date":"2026-04-27T14:44:00","date_gmt":"2026-04-27T12:44:00","guid":{"rendered":"https:\/\/gradski.me\/?p=962710"},"modified":"2026-04-27T13:41:35","modified_gmt":"2026-04-27T11:41:35","slug":"slovacka-eu-daje-prednost-ukrajini-nad-sopstvenim-clanicama","status":"publish","type":"post","link":"https:\/\/gradski.me\/en\/svijet\/slovacka-eu-daje-prednost-ukrajini-nad-sopstvenim-clanicama\/","title":{"rendered":"Slova\u010dka: EU daje prednost Ukrajini nad sopstvenim \u010dlanicama"},"content":{"rendered":"<p>Kako prenose mediji, slova\u010dki zvani\u010dnici, predvo\u0111eni premijerom Robertom Ficom, izrazili su nezadovoljstvo politikom EU, posebno u kontekstu energetskih pitanja i finansijske podr\u0161ke Ukrajini, ocjenjuju\u0107i da se interesi \u010dlanica zanemaruju.<\/p>\n\n\n\n<p><strong>Kritike na ra\u010dun Brisela<\/strong><\/p>\n\n\n\n<p>Slova\u010dka strana smatra da Evropska komisija i institucije EU sve \u010de\u0161\u0107e donose odluke koje idu u korist Kijeva, \u010dak i kada to ima negativne posljedice po zemlje \u010dlanice.<\/p>\n\n\n\n<p>U fokusu kritika na\u0161la su se pitanja energetike, uklju\u010duju\u0107i sporove oko isporuke ruskih energenata i funkcionisanja naftovoda &#8222;Dru\u017eba&#8220;, koji je klju\u010dan za snabdijevanje Slova\u010dke i Ma\u0111arske.<\/p>\n\n\n\n<p>Slova\u010dki zvani\u010dnici tvrde da su takve odluke direktno uticale na ekonomiju zemlje, pove\u0107avaju\u0107i tro\u0161kove i stvaraju\u0107i dodatni pritisak na bud\u017eet.<\/p>\n\n\n\n<p><strong>Sukobi zbog Ukrajine i energetike<\/strong><\/p>\n\n\n\n<p>Tenzije izme\u0111u Slova\u010dke i Ukrajine dodatno su porasle nakon niza energetskih sporova, uklju\u010duju\u0107i prekide u isporuci nafte i gasa, \u0161to je dovelo do ozbiljne diplomatske krize po\u010detkom 2026. godine.<\/p>\n\n\n\n<p>Premijer Fico ranije je upozoravao da \u0107e Bratislava preispitati svoju podr\u0161ku Ukrajini ukoliko se ugroze nacionalni interesi, posebno u oblasti energetike.<\/p>\n\n\n\n<p>U tom kontekstu, pojedini zvani\u010dnici otvoreno optu\u017euju Brisel da &#8222;staje na stranu Ukrajine&#8220;, zanemaruju\u0107i potrebe \u010dlanica EU.<\/p>\n\n\n\n<p><strong>EU i pomo\u0107 Ukrajini<\/strong><\/p>\n\n\n\n<p>Nezadovoljstvo dolazi u trenutku kada Evropska unija intenzivira podr\u0161ku Ukrajini, uklju\u010duju\u0107i i finansijske pakete vrijedne desetine milijardi eVra za pomo\u0107 u ratu i stabilizaciji ekonomije.<\/p>\n\n\n\n<p>Ovakvi potezi, prema mi\u0161ljenju slova\u010dkih vlasti, dodatno produbljuju jaz izme\u0111u Brisela i pojedinih dr\u017eava \u010dlanica koje snose direktne posljedice konflikta, posebno u energetskom sektoru.<\/p>\n\n\n\n<p><strong>Politi\u010dke i geopoliti\u010dke implikacije<\/strong><\/p>\n\n\n\n<p>Analiti\u010dari upozoravaju da bi ovakve tenzije mogle imati \u0161ire posljedice po jedinstvo EU, naro\u010dito u trenutku kada se Unija suo\u010dava sa velikim izazovima &#8211; od rata u Ukrajini do energetske sigurnosti.<\/p>\n\n\n\n<p>Slova\u010dka, zajedno sa pojedinim drugim dr\u017eavama centralne Evrope, nastoji da zauzme pragmati\u010dniji pristup, insistiraju\u0107i na za\u0161titi sopstvenih ekonomskih interesa i stabilnosti snabdijevanja energijom.<\/p>\n\n\n\n<p><strong>Possible consequences<\/strong><\/p>\n\n\n\n<p>Preispitivanje odnosa sa EU ne zna\u010di nu\u017eno izlazak iz Unije, ali predstavlja signal ozbiljnog nezadovoljstva i upozorenje Briselu da bi dalji pritisci mogli dovesti do dubljih politi\u010dkih podjela.<\/p>\n\n\n\n<p>U narednom periodu o\u010dekuje se nastavak pregovora i poku\u0161aji pronalaska kompromisa izme\u0111u evropskih institucija i dr\u017eava \u010dlanica koje tra\u017ee ve\u0107u ravnote\u017eu izme\u0111u podr\u0161ke Ukrajini i za\u0161tite sopstvenih interesa.<\/p>\n\n\n\n<p>Slova\u010dka poruka Briselu jasno ukazuje na rastu\u0107e nezadovoljstvo unutar EU &#8211; izme\u0111u potrebe za jedinstvom u podr\u0161ci Ukrajini i zahtjeva dr\u017eava \u010dlanica da njihovi nacionalni interesi ne budu zapostavljeni.<\/p>\n\n\n\n<p>Razvoj situacije mogao bi zna\u010dajno uticati na budu\u0107e odnose unutar Evropske unije, ali i na politiku pro\u0161irenja i podr\u0161ke Ukrajini, navodi &#8222;VoiceOfEmirates&#8220;.<\/p>","protected":false},"excerpt":{"rendered":"<p>Slova\u010dka vlada pokrenula je preispitivanje svojih odnosa sa Evropskom unijom, uz o\u0161tre poruke da Brisel u sve ve\u0107oj mjeri favorizuje Ukrajinu na \u0161tetu interesa dr\u017eava \u010dlanica.<\/p>","protected":false},"author":13,"featured_media":905358,"comment_status":"open","ping_status":"open","sticky":false,"template":"","format":"standard","meta":{"_acf_changed":false,"footnotes":"","jetpack_publicize_message":"","jetpack_publicize_feature_enabled":true,"jetpack_social_post_already_shared":true,"jetpack_social_options":{"image_generator_settings":{"template":"highway","default_image_id":0,"font":"","enabled":false},"version":2}},"categories":[14],"tags":[4515,1560,300],"naslovna":[],"class_list":["post-962710","post","type-post","status-publish","format-standard","has-post-thumbnail","hentry","category-svijet","tag-evropska-unija","tag-slovacka-2","tag-ukrajina"],"acf":[],"jetpack_publicize_connections":[],"_links":{"self":[{"href":"https:\/\/gradski.me\/en\/wp-json\/wp\/v2\/posts\/962710","targetHints":{"allow":["GET"]}}],"collection":[{"href":"https:\/\/gradski.me\/en\/wp-json\/wp\/v2\/posts"}],"about":[{"href":"https:\/\/gradski.me\/en\/wp-json\/wp\/v2\/types\/post"}],"author":[{"embeddable":true,"href":"https:\/\/gradski.me\/en\/wp-json\/wp\/v2\/users\/13"}],"replies":[{"embeddable":true,"href":"https:\/\/gradski.me\/en\/wp-json\/wp\/v2\/comments?post=962710"}],"version-history":[{"count":1,"href":"https:\/\/gradski.me\/en\/wp-json\/wp\/v2\/posts\/962710\/revisions"}],"predecessor-version":[{"id":962712,"href":"https:\/\/gradski.me\/en\/wp-json\/wp\/v2\/posts\/962710\/revisions\/962712"}],"wp:featuredmedia":[{"embeddable":true,"href":"https:\/\/gradski.me\/en\/wp-json\/wp\/v2\/media\/905358"}],"wp:attachment":[{"href":"https:\/\/gradski.me\/en\/wp-json\/wp\/v2\/media?parent=962710"}],"wp:term":[{"taxonomy":"category","embeddable":true,"href":"https:\/\/gradski.me\/en\/wp-json\/wp\/v2\/categories?post=962710"},{"taxonomy":"post_tag","embeddable":true,"href":"https:\/\/gradski.me\/en\/wp-json\/wp\/v2\/tags?post=962710"},{"taxonomy":"naslovna","embeddable":true,"href":"https:\/\/gradski.me\/en\/wp-json\/wp\/v2\/naslovna?post=962710"}],"curies":[{"name":"wp","href":"https:\/\/api.w.org\/{rel}","templated":true}]}}