{"id":962685,"date":"2026-04-27T10:26:43","date_gmt":"2026-04-27T08:26:43","guid":{"rendered":"https:\/\/gradski.me\/?p=962685"},"modified":"2026-04-27T10:26:44","modified_gmt":"2026-04-27T08:26:44","slug":"bozovic-sporer-jacanje-pravosudne-saradnje-i-podrska-evropskom-putu-crne-gore","status":"publish","type":"post","link":"https:\/\/gradski.me\/en\/politika\/bozovic-sporer-jacanje-pravosudne-saradnje-i-podrska-evropskom-putu-crne-gore\/","title":{"rendered":"Bo\u017eovi\u0107 \u2013 \u0160porer: Strengthening judicial cooperation and supporting Montenegro's European path"},"content":{"rendered":"<p><\/p>\n\n\n\n<p><br>The meeting represents a significant contribution to the further strengthening of bilateral cooperation between the two countries, as well as confirmation of Austria's continued support for Montenegro's European path.<br><br>The talks were dedicated to the European Union enlargement process, with a special focus on Montenegro's progress in the negotiation chapters related to the rule of law. Minister Bo\u017eovi\u0107 briefed Minister \u0160porer on the key results and challenges in the implementation of judicial reforms, emphasizing Montenegro's commitment to strengthening the independence, efficiency and transparency of the judicial system.<br><br>Minister Sporer confirmed Austria's support for the reform processes in Montenegro, emphasizing the importance of continuous improvement of institutional capacities and alignment with the acquis communautaire. Special attention was paid to the exchange of experiences and good practices in the field of justice, including the digitalization of court proceedings and improving access to justice.<br><br>The interlocutors also discussed possibilities for improving bilateral agreements, with an emphasis on the areas of judicial cooperation, extradition and mutual legal assistance. Both sides confirmed their readiness to further deepen partnership relations through concrete initiatives and joint projects.<br><br>The meeting confirms the strong strategic partnership between Montenegro and Austria, based on a shared commitment to the rule of law, stability and the European perspective of the Western Balkans region.\"<\/p>","protected":false},"excerpt":{"rendered":"<p>The Minister of Justice of Montenegro, Bojan Bo\u017eovi\u0107, met today, April 27, in Podgorica, with the Federal Minister of Justice of the Republic of Austria, Anna Sporrer.<\/p>","protected":false},"author":19,"featured_media":962687,"comment_status":"open","ping_status":"open","sticky":false,"template":"","format":"standard","meta":{"_acf_changed":false,"footnotes":"","jetpack_publicize_message":"","jetpack_publicize_feature_enabled":true,"jetpack_social_post_already_shared":true,"jetpack_social_options":{"image_generator_settings":{"template":"highway","default_image_id":0,"font":"","enabled":false},"version":2}},"categories":[7],"tags":[2023,188,282],"naslovna":[],"class_list":["post-962685","post","type-post","status-publish","format-standard","has-post-thumbnail","hentry","category-politika","tag-bojan-bozovic-3","tag-crna-gora","tag-eu"],"acf":[],"jetpack_publicize_connections":[],"_links":{"self":[{"href":"https:\/\/gradski.me\/en\/wp-json\/wp\/v2\/posts\/962685","targetHints":{"allow":["GET"]}}],"collection":[{"href":"https:\/\/gradski.me\/en\/wp-json\/wp\/v2\/posts"}],"about":[{"href":"https:\/\/gradski.me\/en\/wp-json\/wp\/v2\/types\/post"}],"author":[{"embeddable":true,"href":"https:\/\/gradski.me\/en\/wp-json\/wp\/v2\/users\/19"}],"replies":[{"embeddable":true,"href":"https:\/\/gradski.me\/en\/wp-json\/wp\/v2\/comments?post=962685"}],"version-history":[{"count":1,"href":"https:\/\/gradski.me\/en\/wp-json\/wp\/v2\/posts\/962685\/revisions"}],"predecessor-version":[{"id":962688,"href":"https:\/\/gradski.me\/en\/wp-json\/wp\/v2\/posts\/962685\/revisions\/962688"}],"wp:featuredmedia":[{"embeddable":true,"href":"https:\/\/gradski.me\/en\/wp-json\/wp\/v2\/media\/962687"}],"wp:attachment":[{"href":"https:\/\/gradski.me\/en\/wp-json\/wp\/v2\/media?parent=962685"}],"wp:term":[{"taxonomy":"category","embeddable":true,"href":"https:\/\/gradski.me\/en\/wp-json\/wp\/v2\/categories?post=962685"},{"taxonomy":"post_tag","embeddable":true,"href":"https:\/\/gradski.me\/en\/wp-json\/wp\/v2\/tags?post=962685"},{"taxonomy":"naslovna","embeddable":true,"href":"https:\/\/gradski.me\/en\/wp-json\/wp\/v2\/naslovna?post=962685"}],"curies":[{"name":"wp","href":"https:\/\/api.w.org\/{rel}","templated":true}]}}