{"id":962660,"date":"2026-04-27T10:06:39","date_gmt":"2026-04-27T08:06:39","guid":{"rendered":"https:\/\/gradski.me\/?p=962660"},"modified":"2026-04-27T10:06:40","modified_gmt":"2026-04-27T08:06:40","slug":"ofk-mladost-dg-raskinuo-saradnju-sa-trenerom-markom-scepanovicem","status":"publish","type":"post","link":"https:\/\/gradski.me\/en\/sport\/ofk-mladost-dg-raskinuo-saradnju-sa-trenerom-markom-scepanovicem\/","title":{"rendered":"OFK Mladost DG terminates cooperation with coach Marko \u0160\u0107epanovi\u0107"},"content":{"rendered":"<p>\u201eZahvaljujemo se na dosada\u0161njem radu, profesionalnom odnosu i doprinosu koji je dao tokom svog anga\u017emana u klubu. Do ove odluke do\u0161lo je usljed rezultata koji nijesu bili u skladu sa o\u010dekivanjima i postavljenim ciljevima kluba za teku\u0107u sezonu\u201c, navodi se u saop\u0161tenju.<\/p>\n\n\n\n<p>Klub \u0107e, najavljuju, u narednom periodu blagovremeno obavijestiti javnost o daljim koracima i imenovanju novog \u0161efa stru\u010dnog \u0161taba.<\/p>","protected":false},"excerpt":{"rendered":"<p>OFK Mladost DG sporazumno je raskinuo saradnju sa \u0161efom stru\u010dnog \u0161taba Markom \u0160\u0107epanovi\u0107em, saop\u0161teno je iz kluba iz Donje Gorice. <\/p>","protected":false},"author":13,"featured_media":962662,"comment_status":"open","ping_status":"open","sticky":false,"template":"","format":"standard","meta":{"_acf_changed":false,"footnotes":"","jetpack_publicize_message":"","jetpack_publicize_feature_enabled":true,"jetpack_social_post_already_shared":true,"jetpack_social_options":{"image_generator_settings":{"template":"highway","default_image_id":0,"font":"","enabled":false},"version":2}},"categories":[15],"tags":[16455,626,31515],"naslovna":[],"class_list":["post-962660","post","type-post","status-publish","format-standard","has-post-thumbnail","hentry","category-sport","tag-marko-scepanovic","tag-ofk-mladost-dg","tag-raskid-saradnje"],"acf":[],"jetpack_publicize_connections":[],"_links":{"self":[{"href":"https:\/\/gradski.me\/en\/wp-json\/wp\/v2\/posts\/962660","targetHints":{"allow":["GET"]}}],"collection":[{"href":"https:\/\/gradski.me\/en\/wp-json\/wp\/v2\/posts"}],"about":[{"href":"https:\/\/gradski.me\/en\/wp-json\/wp\/v2\/types\/post"}],"author":[{"embeddable":true,"href":"https:\/\/gradski.me\/en\/wp-json\/wp\/v2\/users\/13"}],"replies":[{"embeddable":true,"href":"https:\/\/gradski.me\/en\/wp-json\/wp\/v2\/comments?post=962660"}],"version-history":[{"count":1,"href":"https:\/\/gradski.me\/en\/wp-json\/wp\/v2\/posts\/962660\/revisions"}],"predecessor-version":[{"id":962665,"href":"https:\/\/gradski.me\/en\/wp-json\/wp\/v2\/posts\/962660\/revisions\/962665"}],"wp:featuredmedia":[{"embeddable":true,"href":"https:\/\/gradski.me\/en\/wp-json\/wp\/v2\/media\/962662"}],"wp:attachment":[{"href":"https:\/\/gradski.me\/en\/wp-json\/wp\/v2\/media?parent=962660"}],"wp:term":[{"taxonomy":"category","embeddable":true,"href":"https:\/\/gradski.me\/en\/wp-json\/wp\/v2\/categories?post=962660"},{"taxonomy":"post_tag","embeddable":true,"href":"https:\/\/gradski.me\/en\/wp-json\/wp\/v2\/tags?post=962660"},{"taxonomy":"naslovna","embeddable":true,"href":"https:\/\/gradski.me\/en\/wp-json\/wp\/v2\/naslovna?post=962660"}],"curies":[{"name":"wp","href":"https:\/\/api.w.org\/{rel}","templated":true}]}}