{"id":962649,"date":"2026-04-27T09:58:37","date_gmt":"2026-04-27T07:58:37","guid":{"rendered":"https:\/\/gradski.me\/?p=962649"},"modified":"2026-04-27T09:58:38","modified_gmt":"2026-04-27T07:58:38","slug":"paraolimpijci-gosti-os-vuk-karadzic","status":"publish","type":"post","link":"https:\/\/gradski.me\/en\/sport\/paraolimpijci-gosti-os-vuk-karadzic\/","title":{"rendered":"Paralympians host the \"Vuk Karad\u017ei\u0107\" Elementary School"},"content":{"rendered":"<p>\u201eManifestacija je bila koncipirana da u\u010denike osnovnih \u0161kola upozna sa sportistima i sportovima, koji su na programu paraolimpijskih igara, ali i paraolimpizmom i zna\u010dajem inkluzije u sportu i dru\u0161tvu\u201c, saop\u0161teno je iz Paraolimpijskog komiteta.<\/p>\n\n\n\n<p>U\u010denicima su umije\u0107e u svojim sportovima prikazali neki od najtrofejnijih crnogorskih sportista, a zainteresovani su imali priliku da se oprobaju u paraatletici, \u0161ahu za osobe o\u0161te\u0107enog vida, ko\u0161arci u kolicima, parastonom tenisu, parabiciklizmu i golbalu.<\/p>\n\n\n\n<p>\u201eU kona\u010dnom cilj manifestacije je promocija punih inkluzivnih vrijednosti i po\u0161tovanja razli\u010ditosti kroz \u0161iroku lepezu i ljepotu para sporta. &nbsp;U\u010denike i goste pozdravili su direktorica \u0161kole Marija Lazarevi\u0107 i generalni sekretar Paraolimpijskog komiteta Milo\u0161 Ranitovi\u0107. Manifestacija je organizovana uz podr\u0161ku kompanije Jugopetrol EKO\u201c, zaklju\u010duje se u saop\u0161tenju.<\/p>","protected":false},"excerpt":{"rendered":"<p>Crnogorski sportisti bili su gosti Osnovne \u0161kole \u201eVuk Karad\u017ei\u0107\u201c, u okviru promotivne manifestacije. <\/p>","protected":false},"author":13,"featured_media":962650,"comment_status":"open","ping_status":"open","sticky":false,"template":"","format":"standard","meta":{"_acf_changed":false,"footnotes":"","jetpack_publicize_message":"","jetpack_publicize_feature_enabled":true,"jetpack_social_post_already_shared":true,"jetpack_social_options":{"image_generator_settings":{"template":"highway","default_image_id":0,"font":"","enabled":false},"version":2}},"categories":[15],"tags":[25761,13918,6597],"naslovna":[],"class_list":["post-962649","post","type-post","status-publish","format-standard","has-post-thumbnail","hentry","category-sport","tag-os-vuk-karadzic","tag-paraolimpijski-komitet-crne-gore","tag-sportisti"],"acf":[],"jetpack_publicize_connections":[],"_links":{"self":[{"href":"https:\/\/gradski.me\/en\/wp-json\/wp\/v2\/posts\/962649","targetHints":{"allow":["GET"]}}],"collection":[{"href":"https:\/\/gradski.me\/en\/wp-json\/wp\/v2\/posts"}],"about":[{"href":"https:\/\/gradski.me\/en\/wp-json\/wp\/v2\/types\/post"}],"author":[{"embeddable":true,"href":"https:\/\/gradski.me\/en\/wp-json\/wp\/v2\/users\/13"}],"replies":[{"embeddable":true,"href":"https:\/\/gradski.me\/en\/wp-json\/wp\/v2\/comments?post=962649"}],"version-history":[{"count":1,"href":"https:\/\/gradski.me\/en\/wp-json\/wp\/v2\/posts\/962649\/revisions"}],"predecessor-version":[{"id":962654,"href":"https:\/\/gradski.me\/en\/wp-json\/wp\/v2\/posts\/962649\/revisions\/962654"}],"wp:featuredmedia":[{"embeddable":true,"href":"https:\/\/gradski.me\/en\/wp-json\/wp\/v2\/media\/962650"}],"wp:attachment":[{"href":"https:\/\/gradski.me\/en\/wp-json\/wp\/v2\/media?parent=962649"}],"wp:term":[{"taxonomy":"category","embeddable":true,"href":"https:\/\/gradski.me\/en\/wp-json\/wp\/v2\/categories?post=962649"},{"taxonomy":"post_tag","embeddable":true,"href":"https:\/\/gradski.me\/en\/wp-json\/wp\/v2\/tags?post=962649"},{"taxonomy":"naslovna","embeddable":true,"href":"https:\/\/gradski.me\/en\/wp-json\/wp\/v2\/naslovna?post=962649"}],"curies":[{"name":"wp","href":"https:\/\/api.w.org\/{rel}","templated":true}]}}