{"id":962601,"date":"2026-04-27T08:35:29","date_gmt":"2026-04-27T06:35:29","guid":{"rendered":"https:\/\/gradski.me\/?p=962601"},"modified":"2026-04-27T08:35:30","modified_gmt":"2026-04-27T06:35:30","slug":"sep-pozdravljamo-odluku-dps-a-ocekujemo-da-svi-zainteresovani-akteri-potpisu-inicijativu-za-smjenu-borovinic-bojovic","status":"publish","type":"post","link":"https:\/\/gradski.me\/en\/politika\/sep-pozdravljamo-odluku-dps-a-ocekujemo-da-svi-zainteresovani-akteri-potpisu-inicijativu-za-smjenu-borovinic-bojovic\/","title":{"rendered":"SEP: We welcome the decision of the DPS, we expect all interested parties to sign the initiative to dismiss Borovini\u0107 Bojovi\u0107"},"content":{"rendered":"<p>\u201ePoliti\u010dki i pravni legitimitet nosilaca javnih funkcija proizilazi iz volje izborne ve\u0107ine. Predsjednica gradskog Parlamenta odavno nema ve\u0107inu iza sebe. Na\u0161a inicijativa utemeljena je u demokratskim, politi\u010dkim i normativnim standardima i zbog toga je opozicija du\u017ena poku\u0161ati da povrati gradsku vlast u okvire zakona i demokratije. Po\u010detna ta\u010dka je Skup\u0161tina Glavnog grada kao odraz neposredne volje gra\u0111ana Podgorice. O\u010dekujemo da svi zainteresovani akteri potpi\u0161u inicijativu\u201c, naveli su iz SEP-a u saop\u0161tenju.<\/p>","protected":false},"excerpt":{"rendered":"<p>Pozdravljamo odluku Demokratske partije socijalista da podr\u017ei na\u0161u inicijativu za razrje\u0161enje predsjednice Skup\u0161tine Glavnog grada Podgorice Jelene Borovini\u0107 Bojovi\u0107. Vlast po\u010diva na volji ve\u0107ine koja je du\u017ena da radi u interesu gra\u0111ana i u javnom interesu, saop\u0161teno je iz Stranke evropskog progresa (SEP). <\/p>","protected":false},"author":13,"featured_media":931438,"comment_status":"open","ping_status":"open","sticky":false,"template":"","format":"standard","meta":{"_acf_changed":false,"footnotes":"","jetpack_publicize_message":"","jetpack_publicize_feature_enabled":true,"jetpack_social_post_already_shared":true,"jetpack_social_options":{"image_generator_settings":{"template":"highway","default_image_id":0,"font":"","enabled":false},"version":2}},"categories":[7],"tags":[323,5245,3041],"naslovna":[],"class_list":["post-962601","post","type-post","status-publish","format-standard","has-post-thumbnail","hentry","category-politika","tag-jelena-borovinic-bojovic","tag-razrjesenje","tag-stranka-evropskog-progresa"],"acf":[],"jetpack_publicize_connections":[],"_links":{"self":[{"href":"https:\/\/gradski.me\/en\/wp-json\/wp\/v2\/posts\/962601","targetHints":{"allow":["GET"]}}],"collection":[{"href":"https:\/\/gradski.me\/en\/wp-json\/wp\/v2\/posts"}],"about":[{"href":"https:\/\/gradski.me\/en\/wp-json\/wp\/v2\/types\/post"}],"author":[{"embeddable":true,"href":"https:\/\/gradski.me\/en\/wp-json\/wp\/v2\/users\/13"}],"replies":[{"embeddable":true,"href":"https:\/\/gradski.me\/en\/wp-json\/wp\/v2\/comments?post=962601"}],"version-history":[{"count":1,"href":"https:\/\/gradski.me\/en\/wp-json\/wp\/v2\/posts\/962601\/revisions"}],"predecessor-version":[{"id":962603,"href":"https:\/\/gradski.me\/en\/wp-json\/wp\/v2\/posts\/962601\/revisions\/962603"}],"wp:featuredmedia":[{"embeddable":true,"href":"https:\/\/gradski.me\/en\/wp-json\/wp\/v2\/media\/931438"}],"wp:attachment":[{"href":"https:\/\/gradski.me\/en\/wp-json\/wp\/v2\/media?parent=962601"}],"wp:term":[{"taxonomy":"category","embeddable":true,"href":"https:\/\/gradski.me\/en\/wp-json\/wp\/v2\/categories?post=962601"},{"taxonomy":"post_tag","embeddable":true,"href":"https:\/\/gradski.me\/en\/wp-json\/wp\/v2\/tags?post=962601"},{"taxonomy":"naslovna","embeddable":true,"href":"https:\/\/gradski.me\/en\/wp-json\/wp\/v2\/naslovna?post=962601"}],"curies":[{"name":"wp","href":"https:\/\/api.w.org\/{rel}","templated":true}]}}