{"id":962587,"date":"2026-04-27T10:14:00","date_gmt":"2026-04-27T08:14:00","guid":{"rendered":"https:\/\/gradski.me\/?p=962587"},"modified":"2026-04-27T08:14:44","modified_gmt":"2026-04-27T06:14:44","slug":"25-kotorart-od-13-jula-do-16-avgusta-svecano-otvaranje-posveceno-sbutegi-i-brkanovicu","status":"publish","type":"post","link":"https:\/\/gradski.me\/en\/kultura\/25-kotorart-od-13-jula-do-16-avgusta-svecano-otvaranje-posveceno-sbutegi-i-brkanovicu\/","title":{"rendered":"25th KotorArt from July 13 to August 16: Opening ceremony dedicated to Sbutega and Brkanovi\u0107"},"content":{"rendered":"<p>\u201eOvogodi\u0161nje sve\u010dano otvaranje Festival \u0107e posvetiti upravo don Branku (1952-2006) kao i najistaknutijem kotorskom kompozitoru Ivanu Brkanovi\u0107u (1906-1987), povodom dvije godi\u0161njice &#8211; 20 godina od don Brankove smrti i 120 godina od ro\u0111enja Brkanovi\u0107a\u201c, isti\u010de se u saop\u0161tenju.<\/p>\n\n\n\n<p>Na sve\u010danom otvaranju KotorArta, 13. jula na Pjaci ispred Katedrale Sv. Tripuna, premijerno \u0107e biti izveden ciklus Pjesme muzici za bas-bariton i simfonijski orkestar kompozitora i dirigenta Mladena Tarbuka, zasnovan na izboru iz&nbsp; don Brankovog pjesni\u010dkog opusa posve\u0107enog muzici. Drugo kapitalno djelo koje \u0107e premijerno biti izvedeno u Crnoj Gori jeste Triptihon Ivana Brkanovi\u0107a, za soliste, hor i simfonijski orkestar, iz 1936. godine, za koji je autor dobio nagradu Zagreba\u010dke filharmonije 1937.godine. Trostava\u010dna forma ispunjena je sna\u017enim dramskim i elementima lokalnog izraza, u rasponu od tu\u017ebalice do veselja pro\u017eetog osje\u0107anjem zajedni\u0161tva. U Kotoru \u0107e veliki izvo\u0111a\u010dki aparat \u010diniti: Bokeljski simfonijski orkestar, Akademski zbor Ivan Goran Kova\u010di\u0107, solisti sopran Mihaela Kristina Mlinari\u0107, tenor Alja\u017e \u017dgavc, bas-bariton Kre\u0161imir Stra\u017eanac i maestro Mladen Tarbuk.<\/p>\n\n\n\n<p>\u201eU periodu od 13. jula do 16. avgusta planirani su brojni muzi\u010dki, vokalno-instrumentalni, hibridni, pozori\u0161ni i debatni programi festivalskih u\u010desnika iz 13 zemalja Evrope i svijeta, \u010diji nastupi Kotor svake godine \u010dine istinskim centrom umjetnosti. Jubilarno, 25. izdanje KotorArta bi\u0107e obilje\u017eeno i dvjema festivalskim publikacijama &#8211; promocijom sabranih djela don Branka Sbutege i monografijom posve\u0107enoj jubileju festivala. Tako\u0111e, KotorArt \u0107e 120 godina od ro\u0111enja Ivana Brkanovi\u0107a dodatno obilje\u017eiti i a capella koncertom Akademskog zbora Ivan Goran Kova\u010di\u0107, planiranim za 15. jul u Crkvi Sv. Eustahija u Dobroti\u201c, zaklju\u010duje se u saop\u0161tenju.<\/p>","protected":false},"excerpt":{"rendered":"<p>KotorArt se danas sje\u0107a jednog od svojih osniva\u010da, neponovljivog don Branka Sbutege, koji je preminuo prije ta\u010dno dvadeset godina, saop\u0161tili su organizatori festivala. <\/p>","protected":false},"author":13,"featured_media":962589,"comment_status":"open","ping_status":"open","sticky":false,"template":"","format":"standard","meta":{"_acf_changed":false,"footnotes":"","jetpack_publicize_message":"","jetpack_publicize_feature_enabled":true,"jetpack_social_post_already_shared":true,"jetpack_social_options":{"image_generator_settings":{"template":"highway","default_image_id":0,"font":"","enabled":false},"version":2}},"categories":[11],"tags":[31507,31508,121],"naslovna":[],"class_list":["post-962587","post","type-post","status-publish","format-standard","has-post-thumbnail","hentry","category-kultura","tag-don-branko-sbutega","tag-ivan-brkanovic","tag-kotorart"],"acf":[],"jetpack_publicize_connections":[],"_links":{"self":[{"href":"https:\/\/gradski.me\/en\/wp-json\/wp\/v2\/posts\/962587","targetHints":{"allow":["GET"]}}],"collection":[{"href":"https:\/\/gradski.me\/en\/wp-json\/wp\/v2\/posts"}],"about":[{"href":"https:\/\/gradski.me\/en\/wp-json\/wp\/v2\/types\/post"}],"author":[{"embeddable":true,"href":"https:\/\/gradski.me\/en\/wp-json\/wp\/v2\/users\/13"}],"replies":[{"embeddable":true,"href":"https:\/\/gradski.me\/en\/wp-json\/wp\/v2\/comments?post=962587"}],"version-history":[{"count":1,"href":"https:\/\/gradski.me\/en\/wp-json\/wp\/v2\/posts\/962587\/revisions"}],"predecessor-version":[{"id":962590,"href":"https:\/\/gradski.me\/en\/wp-json\/wp\/v2\/posts\/962587\/revisions\/962590"}],"wp:featuredmedia":[{"embeddable":true,"href":"https:\/\/gradski.me\/en\/wp-json\/wp\/v2\/media\/962589"}],"wp:attachment":[{"href":"https:\/\/gradski.me\/en\/wp-json\/wp\/v2\/media?parent=962587"}],"wp:term":[{"taxonomy":"category","embeddable":true,"href":"https:\/\/gradski.me\/en\/wp-json\/wp\/v2\/categories?post=962587"},{"taxonomy":"post_tag","embeddable":true,"href":"https:\/\/gradski.me\/en\/wp-json\/wp\/v2\/tags?post=962587"},{"taxonomy":"naslovna","embeddable":true,"href":"https:\/\/gradski.me\/en\/wp-json\/wp\/v2\/naslovna?post=962587"}],"curies":[{"name":"wp","href":"https:\/\/api.w.org\/{rel}","templated":true}]}}