{"id":962494,"date":"2026-04-27T07:15:00","date_gmt":"2026-04-27T05:15:00","guid":{"rendered":"https:\/\/gradski.me\/?p=962494"},"modified":"2026-04-27T10:41:56","modified_gmt":"2026-04-27T08:41:56","slug":"evo-gdj-danas-nece-biti-struje","status":"publish","type":"post","link":"https:\/\/gradski.me\/en\/drustvo\/evo-gdj-danas-nece-biti-struje\/","title":{"rendered":"Here's where there will be no electricity today"},"content":{"rendered":"<p><\/p>\n\n\n\n<p><\/p>\n\n\n\n<p><strong>Podgorica<\/strong><\/p>\n\n\n\n<p>\u2013 from 8 am to 3 pm: Bregalni\u010dka Street, part of VII Youth Brigade Street and Vladike Danilo Street, Brezojevice, part of Korita.<\/p>\n\n\n\n<p>-from 8:30 a.m. to 2 p.m.: Buildings in Admirala Zmajevi\u0107a Street behind Voli.<\/p>\n\n\n\n<p><strong>Danilovgrad<\/strong><\/p>\n\n\n\n<p>\u2013 from 8 am to 5 pm: \u017dari\u0107a Cave, Ljututuk, Bobulja, Dolovi Komanski.<\/p>\n\n\n\n<p><strong>Nik\u0161i\u0107<\/strong><\/p>\n\n\n\n<p>\u2013 from 8 a.m. to 3 p.m.: Tre\u0161njica, Bulevar 13. Jul, Stra\u0161evska Street, \u0160avni\u010dka Street, part of Kli\u010devo, Vilusi, Bro\u0107anac, Usputnica, Petrovi\u0107i, Montex, Vodovod, Crkvice, Seline, Mrkaji\u0107i, Po\u010dekovi\u0107i, Vidne, Kljakovica, Koravlica, Jabukovac, Border crossing, Podvr\u0161, Vra\u0107enovi\u0107i, Pilatovci, Obljaj, Vu\u010dji Do, Rvana Gora, Bratogo\u0161t, Bjelice, Vrbice, Crkvice, Ubla.<\/p>\n\n\n\n<p><strong>Plu\u017eine<\/strong><\/p>\n\n\n\n<p>\u2013 from 8 am to 3 pm: Potrk<\/p>\n\n\n\n<p>- from 10 am to 5 pm: Crkvi\u010dko Polje, Kolo, Jerini\u0107i, Bojati, Kne\u017eevi\u0107i, \u017deicno, Babi\u0107i, \u0160ari\u0107i, Barni Do, Paklice, Tara-Grab, Brijeg, \u0160\u0107epan Polje, Carina-\u0160\u0107epan Polje.<\/p>\n\n\n\n<p><strong>Bar&nbsp;&nbsp;&nbsp;&nbsp;&nbsp;&nbsp;&nbsp;&nbsp;<\/strong><\/p>\n\n\n\n<p>- from 9 am to 2 pm: part of the consumers of Ahmetov Brijeg Susta\u0161a, Mijovi\u0107i, part of the consumers of Ilino above the railway, Vuki\u0107i, consumers of Sotoni\u0107i<\/p>\n\n\n\n<p>-from 9 am to 9:30 am: Short-term power outage: Bukovik, Br\u010deli, Podgor, Bijele Poljane.<\/p>\n\n\n\n<p>- from 1 to 1:30 p.m.: Short-term power outage: Bukovik, Br\u010deli, Podgor, Bijele Poljane.<\/p>\n\n\n\n<p>-from 9 a.m. to 1:30 p.m.: Sotoni\u0107 consumers.<\/p>\n\n\n\n<p><strong>Ulcinj<\/strong><\/p>\n\n\n\n<p>\u2013 from 10 am to 11 am: Donji and Gornji \u0160toj, Re\u010d, Kodre Dakine, Paratuk, No\u0161a, Sveti Nikola and Ada Bojana.<\/p>\n\n\n\n<p>-from 8 am to 12 pm: part of Ulcinj behind the Health Center, part of Ulcinj near CKB Bank - Majke Tereze Street, part of \u0110erana behind the Post Office and the Health Center.<\/p>\n\n\n\n<p>-from 8 am to 3 pm: part of Ulcinj field near the new Milena bridge.<\/p>\n\n\n\n<p>- from 8:30 a.m. to 3 p.m.: part of the Ada settlement near the \"Konoba kod Ranka\" restaurant, buildings on the left side of Ada Bojana from the \u0106i\u0107kova \u010carda restaurant towards the bridge.<\/p>\n\n\n\n<p>-from 8 am to 2 pm: Water supply pumps on Bojana.<\/p>\n\n\n\n<p><strong>Tivat<\/strong><\/p>\n\n\n\n<p>-from 8 am to 10 am: Mari\u0107i, Bogunovo, Popovina.<\/p>\n\n\n\n<p><strong>Herceg Novi<\/strong><\/p>\n\n\n\n<p>\u2013 from 7:30 a.m. to 6 p.m.: Trebesin, Lazarevi\u0107i, Border Crossing Sitnica, Sitnica, Mokrine-Petijevi\u0107i, Sitnica.<\/p>\n\n\n\n<p>-from 07:30 to 15:00: Su\u0161\u0107epan.<\/p>\n\n\n\n<p>-from 8 am to 2 pm: Lazarevi\u0107i.<\/p>\n\n\n\n<p><strong>Andrijevica<\/strong><\/p>\n\n\n\n<p>\u2013 from 08:30 to 14:30: Part of the village of Zabr\u0111e (the lower part of the village, settlements around the main road), Bojovi\u0107i, Bo\u017ei\u0107i, Djuli\u0107i, Poda, Kuti, Cecuni, Jo\u0161anica, Dulipolje, Konjusi - hamlets of 8Kraji\u0161ta, Mi\u0161kovi\u0107a \u017dar, Paljine and Japan), Gra\u010danica, Gornje Luge, Ko\u0161uti\u0107i, Ulotina, Kru\u0161evo and Zori\u0107i, part of the village of Seoce around the school, cemetery, church. Katun Balj and Repetitor, settlements around the veterinary station.<\/p>\n\n\n\n<p><strong>Berane<\/strong><\/p>\n\n\n\n<p>\u2013 from 08:30 to 14:30: Kaludra, part of the village of Bubanje, Babino, Dragoslava, Gora\u017ede, Zagra\u0111e pumping station Gora\u017ede.<\/p>\n\n\n\n<p><strong>Bijelo Polje<\/strong><\/p>\n\n\n\n<p>\u2013 from 8 am to 2 pm: Spa Village.<\/p>\n\n\n\n<p>- from 9 am to 4 pm: Zaton, Zaton \u2013 Klinac, Livadice, Boljanina. \u010cokrlije, Grubje\u0161i\u0107i, Ki\u010dava, Mahala, Bijeli Potok, Krsta\u010de, Pavino Polje, Biokovac, Grab, Verga\u0161evi\u0107i, Kovren, Gorice, Slatka, Bli\u0161kovo, Sto\u017eer, Lozna, Rasovo, Jabu\u010dno.<\/p>\n\n\n\n<p><strong>Kola\u0161in<\/strong><\/p>\n\n\n\n<p>\u2013 from 8 a.m. to 4 p.m.: Jasenova, Ocka gora, Me\u0111urije\u010dje, Cerovica, Tre\u0161njica, Lije\u0161nje, Bogutov do, Mrtvo Duboko, Bulje, Andrijevo, Smolice, RDC, Vlahovi\u0107i, Andrijevo, Jasenov do, Gornja Rovca, Vi\u0161nje, Velje Duboko, Trmanje, \u0110u\u0111evina, Sela.<\/p>\n\n\n\n<p><strong>Mojkovac<\/strong><\/p>\n\n\n\n<p>\u2013 from 8 a.m. to 3 p.m.: Kooperacija (Polja), Gojakovi\u0107i, Feratovo polje, Ulo\u0161evina, Lojanice, Lepenac, \u017dari.<\/p>\n\n\n\n<p><strong>Petnjica<\/strong><\/p>\n\n\n\n<p>\u2013 from 08:30 to 14:30: Laze, Vrbica, Trpezi, Kalica and the La Vista shirt factory, TREF company,<\/p>\n\n\n\n<p>The village of Dobrodole.<\/p>\n\n\n\n<p><strong>Blue<\/strong><\/p>\n\n\n\n<p>\u2013 from 8:30 a.m. to 6 p.m.: Ski\u0107, Komara\u010da, Meteh, Jara, Babino Polje, Korita, Military Post, Prnjavor, Malo Selo, \u0110uri\u010dka Rijeka, Ski Lift, Hoti, Vojno Selo, Hakanje.<\/p>\n\n\n\n<p><strong>Pljevlja<\/strong><\/p>\n\n\n\n<p>\u2013 from 9 am to 5 pm: Bjelo\u0161evina, Strahov Do, Rt, Puzi\u0107i, Plakali, Prehari, \u0110ur\u0111evi\u0107a Tara<\/p>\n\n\n\n<p>-from 9:00 a.m. to 3:00 p.m.: Zabrnjica.<\/p>\n\n\n\n<p><strong>Ro\u017eaje<\/strong><\/p>\n\n\n\n<p>\u2013 from 9 a.m. to 2:30 p.m.: Village of Kujevi\u0107i.<\/p>\n\n\n\n<p><strong><em>The above works are being carried out with the aim of providing a higher quality and safer electricity supply. In case of bad weather conditions, the works will be postponed.<\/em><\/strong><\/p>\n\n\n\n<p><\/p>\n\n\n\n<p><\/p>","protected":false},"excerpt":{"rendered":"<p>Due to planned network work, the following will be without electricity today:<\/p>","protected":false},"author":19,"featured_media":915344,"comment_status":"open","ping_status":"open","sticky":false,"template":"","format":"standard","meta":{"_acf_changed":false,"footnotes":"","jetpack_publicize_message":"","jetpack_publicize_feature_enabled":true,"jetpack_social_post_already_shared":true,"jetpack_social_options":{"image_generator_settings":{"template":"highway","default_image_id":0,"font":"","enabled":false},"version":2}},"categories":[9],"tags":[20,188,28],"naslovna":[],"class_list":["post-962494","post","type-post","status-publish","format-standard","has-post-thumbnail","hentry","category-drustvo","tag-cedis","tag-crna-gora","tag-podgorica"],"acf":[],"jetpack_publicize_connections":[],"_links":{"self":[{"href":"https:\/\/gradski.me\/en\/wp-json\/wp\/v2\/posts\/962494","targetHints":{"allow":["GET"]}}],"collection":[{"href":"https:\/\/gradski.me\/en\/wp-json\/wp\/v2\/posts"}],"about":[{"href":"https:\/\/gradski.me\/en\/wp-json\/wp\/v2\/types\/post"}],"author":[{"embeddable":true,"href":"https:\/\/gradski.me\/en\/wp-json\/wp\/v2\/users\/19"}],"replies":[{"embeddable":true,"href":"https:\/\/gradski.me\/en\/wp-json\/wp\/v2\/comments?post=962494"}],"version-history":[{"count":2,"href":"https:\/\/gradski.me\/en\/wp-json\/wp\/v2\/posts\/962494\/revisions"}],"predecessor-version":[{"id":962496,"href":"https:\/\/gradski.me\/en\/wp-json\/wp\/v2\/posts\/962494\/revisions\/962496"}],"wp:featuredmedia":[{"embeddable":true,"href":"https:\/\/gradski.me\/en\/wp-json\/wp\/v2\/media\/915344"}],"wp:attachment":[{"href":"https:\/\/gradski.me\/en\/wp-json\/wp\/v2\/media?parent=962494"}],"wp:term":[{"taxonomy":"category","embeddable":true,"href":"https:\/\/gradski.me\/en\/wp-json\/wp\/v2\/categories?post=962494"},{"taxonomy":"post_tag","embeddable":true,"href":"https:\/\/gradski.me\/en\/wp-json\/wp\/v2\/tags?post=962494"},{"taxonomy":"naslovna","embeddable":true,"href":"https:\/\/gradski.me\/en\/wp-json\/wp\/v2\/naslovna?post=962494"}],"curies":[{"name":"wp","href":"https:\/\/api.w.org\/{rel}","templated":true}]}}