{"id":962487,"date":"2026-04-27T07:30:00","date_gmt":"2026-04-27T05:30:00","guid":{"rendered":"https:\/\/gradski.me\/?p=962487"},"modified":"2026-04-27T08:00:09","modified_gmt":"2026-04-27T06:00:09","slug":"video-pronasao-posao-i-publiku-kafanska-muzika-ljepse-zvuci-na-ulici","status":"publish","type":"post","link":"https:\/\/gradski.me\/en\/podgorica\/video-pronasao-posao-i-publiku-kafanska-muzika-ljepse-zvuci-na-ulici\/","title":{"rendered":"(VIDEO) Found a job and an audience in the heart of Podgorica: Tavern music sounds better on the street"},"content":{"rendered":"<p><\/p>\n\n\n\n<p><\/p>\n\n\n\n<p><\/p>\n\n\n\n<p>Nakon zavr\u0161ene ni\u017ee i srednje muzi\u010dke \u0161kole, violina ga je odvela u kafanu, gdje je kako ka\u017ee nau\u010dio da svira sve \u2013 kafanska muzika jo\u0161 ljep\u0161e zvu\u010di na ulici, obja\u0161njava Milo\u0161 Stefanovi\u0107, iako je na to bio &nbsp;primoran kako bi pre\u017eivio.<\/p>\n\n\n\n<p>&#8222;U tom trenutku je jedino rje\u0161enje bilo, da sviram, prosto na ulici jer nisam imao \u010dime drugo da se bavim, nisam imao posla, nisam mogao ni\u0161ta da na\u0111em. Sje\u0107am se bila je zima&nbsp; po\u010deo sam u decembru, smrzavao sam se eto i do danas sviram&#8220;, ka\u017ee Stefanovi\u0107. <\/p>\n\n\n\n<p>Isti\u010de da je najve\u0107i bak\u0161i\u0161 u iznosu od 50 eura dobio ba\u0161 u Crnoj Gori. <\/p>\n\n\n\n<p>&#8222;Svakako da zna\u010di, ja \u017eivim od ovoga znate, nekad se desi da ne skupim \u010ditav  dan ni 15 eura, ali moram da sviram&#8230;Svakog dana&#8220;, ka\u017ee Stefanovi\u0107. <\/p>\n\n\n\n<p>Svjedok podgori\u010dkih pri\u010da koje su \u010desto skrivene negdje iza \u0107o\u0161kova &#8211; Milo\u0161 nagla\u0161ava da je Podgorica jedan od njegovih omiljenih gradova.<\/p>\n\n\n\n<p>&#8222;Predivna je Podgorica, ljudi su me tako lijepo prihvatili, nisam mogao da vjerujem, posebno djeca, vjerujte mi &#8230;&nbsp;ljudima se svidjelo, Bog me pogledao&#8230;&#8220;, ka\u017ee Stefanovi\u0107. <\/p>\n\n\n\n<p>Kao da \u017eivi na ulici &#8211; svoj, a ponekad i \u017eivot onih koji zastanu i slu\u0161aju.<\/p>\n\n\n\n<p>&#8222;Djeca su tako spontana i \u010dista, umiju da se obraduju. Nemam svoju djecu ali ih obo\u017eavam. I omladina mi stalno daje novac, pru\u017eaju mi podr\u0161ku, jednom rije\u010dju omladina je top&#8220;, ka\u017ee Stefanovi\u0107.<\/p>\n\n\n\n<p>Uvjerili smo se u Milo\u0161eve rije\u010di \u2013 djeca su ta koja bi najprije zastala, a i zaplesala.<\/p>\n\n\n\n<p>Osim za nesvakida\u0161nju ve\u010dernju zabavu, mlade podgori\u010dane pitali smo kako bi se oni sna\u0161li u ulozi uli\u010dnih svira\u010da.<\/p>\n\n\n\n<p>I dok nova kaldrma i neka nova lica ovom prostoru daju posebnu energiju &#8211; roditelji nemaju mnogo razloga za brigu. I dok grad ide naprijed,\u2013 ostaje i pitanje da li je mala violina Milo\u0161u prona\u0161la sigurno uto\u010di\u0161te \u2013 ako je suditi po ovoj slici, Podgorica mu\u00a0 je ve\u0107 otvorila vrata. <\/p>\n\n\n\n<figure class=\"wp-block-embed is-type-video is-provider-youtube wp-block-embed-youtube wp-embed-aspect-16-9 wp-has-aspect-ratio\"><div class=\"wp-block-embed__wrapper\">\n<iframe title=\"U srcu Podgorice prona\u0161ao posao i publiku: Kafanska muzika ljep\u0161e zvu\u010di na ulici\" width=\"800\" height=\"450\" src=\"https:\/\/www.youtube.com\/embed\/RgSgUIi63hI?feature=oembed\" frameborder=\"0\" allow=\"accelerometer; autoplay; clipboard-write; encrypted-media; gyroscope; picture-in-picture; web-share\" referrerpolicy=\"strict-origin-when-cross-origin\" allowfullscreen><\/iframe>\n<\/div><\/figure>\n\n\n\n<p><\/p>","protected":false},"excerpt":{"rendered":"<p>U srcu Podgorice, me\u0111u novom kaldrmom u Ulici slobode i u\u017eurbanim prolaznicima, kriju se male, svakodnevne pri\u010de koje vra\u0107aju vjeru u ljep\u0161e strane grada. Jedna od njih vodi nas do uli\u010dne muzike, dje\u010dije iskrene radosti i \u010dovjeka koji je na trotoaru prona\u0161ao i posao i publiku. <\/p>","protected":false},"author":5,"featured_media":962500,"comment_status":"open","ping_status":"open","sticky":false,"template":"","format":"standard","meta":{"_acf_changed":false,"footnotes":"","jetpack_publicize_message":"","jetpack_publicize_feature_enabled":true,"jetpack_social_post_already_shared":true,"jetpack_social_options":{"image_generator_settings":{"template":"highway","default_image_id":0,"font":"","enabled":false},"version":2}},"categories":[6],"tags":[28,31501],"naslovna":[910],"class_list":["post-962487","post","type-post","status-publish","format-standard","has-post-thumbnail","hentry","category-podgorica","tag-podgorica","tag-ulicni-svirac","naslovna-preporuceno"],"acf":[],"jetpack_publicize_connections":[],"_links":{"self":[{"href":"https:\/\/gradski.me\/en\/wp-json\/wp\/v2\/posts\/962487","targetHints":{"allow":["GET"]}}],"collection":[{"href":"https:\/\/gradski.me\/en\/wp-json\/wp\/v2\/posts"}],"about":[{"href":"https:\/\/gradski.me\/en\/wp-json\/wp\/v2\/types\/post"}],"author":[{"embeddable":true,"href":"https:\/\/gradski.me\/en\/wp-json\/wp\/v2\/users\/5"}],"replies":[{"embeddable":true,"href":"https:\/\/gradski.me\/en\/wp-json\/wp\/v2\/comments?post=962487"}],"version-history":[{"count":5,"href":"https:\/\/gradski.me\/en\/wp-json\/wp\/v2\/posts\/962487\/revisions"}],"predecessor-version":[{"id":962510,"href":"https:\/\/gradski.me\/en\/wp-json\/wp\/v2\/posts\/962487\/revisions\/962510"}],"wp:featuredmedia":[{"embeddable":true,"href":"https:\/\/gradski.me\/en\/wp-json\/wp\/v2\/media\/962500"}],"wp:attachment":[{"href":"https:\/\/gradski.me\/en\/wp-json\/wp\/v2\/media?parent=962487"}],"wp:term":[{"taxonomy":"category","embeddable":true,"href":"https:\/\/gradski.me\/en\/wp-json\/wp\/v2\/categories?post=962487"},{"taxonomy":"post_tag","embeddable":true,"href":"https:\/\/gradski.me\/en\/wp-json\/wp\/v2\/tags?post=962487"},{"taxonomy":"naslovna","embeddable":true,"href":"https:\/\/gradski.me\/en\/wp-json\/wp\/v2\/naslovna?post=962487"}],"curies":[{"name":"wp","href":"https:\/\/api.w.org\/{rel}","templated":true}]}}