{"id":962479,"date":"2026-04-26T20:28:00","date_gmt":"2026-04-26T18:28:00","guid":{"rendered":"https:\/\/gradski.me\/?p=962479"},"modified":"2026-04-26T20:04:21","modified_gmt":"2026-04-26T18:04:21","slug":"radovic-gradjani-crne-gore-jako-malo-izlozeni-rastu-euribora-nema-razloga-za-paniku","status":"publish","type":"post","link":"https:\/\/gradski.me\/en\/ekonomija\/radovic-gradjani-crne-gore-jako-malo-izlozeni-rastu-euribora-nema-razloga-za-paniku\/","title":{"rendered":"Radovi\u0107: Montenegrin citizens have very little exposure to the rise of the Euribor, there is no reason to panic"},"content":{"rendered":"<p><br><\/p>\n\n\n\n<p>Guvernerka Centralne banke Irena Radovi\u0107, gostuju\u0107i u Dnevniku 2, kazala je da je do\u0161lo do umjerenog rasta euribora, ali i da su crnogorski gra\u0111ani vrlo malo izlo\u017eeni njegovom uticaju.<\/p>\n\n\n\n<p>&#8222;\u010cinjenica je da je do\u0161lo do umjerenog rasta euribora, ali je i \u010dinjenica da su crnogorski gra\u0111ani jako malo izlo\u017eeni rastu euribora, jer je svega 1,53 odsto kredita gra\u0111ana u varijabilnim kamatnim stopama. U tom dijelu Centralna banka je u prethodnom periodu imala aktivnu politiku i zna\u010dajan broj kredita je vezan za fiksne kamatne stope, a odluka je samog klijenta, bilo fizi\u010dkog ili pravnog lica, za koju \u0107e se opciju opredijeliti\u201c, kazala je Radovi\u0107.<\/p>\n\n\n\n<p>Ona je istakla da nema razloga za paniku, ali da oprez postoji.<\/p>\n\n\n\n<p>&#8222;Nema razloga za paniku, za oprez da. Tako\u0111e, moramo da vodimo ra\u010duna o istorijskom kontekstu i naslje\u0111u po kome se promjene euribora i monetarne politike Evropske centralne banke ne prenose u na\u0161 sistem automatski niti u cjelosti, ve\u0107 sa odre\u0111enim zaka\u0161njenjem i ne u kompletnom iznosu\u201c, navela je ona.<\/p>\n\n\n\n<p>Radovi\u0107 je dodala da, imaju\u0107i u vidu specifi\u010dnost euroizovane ekonomije, gra\u0111ani mogu biti relaksiraniji.<\/p>\n\n\n\n<p>&#8222;Uva\u017eavaju\u0107i specifi\u010dnost eurizovane ekonomije i na\u0161e crnogorske svakodnevice, rekla bih da mo\u017eemo biti relaksiraniji. Mislim da u narednom periodu, ukoliko monetarna politika Evropske centralne banke ostane ista, 30. aprila, kada je sljede\u0107i momenat odlu\u010divanja, da bi reperkusije kod onog malog broja kredita u varijabilnim kamatnim stopama bile ograni\u010dene i prema na\u0161im procjenama to bi bilo od 1,5 do 2 eura po rati&#8220;, rekla je guvernerka.<\/p>\n\n\n\n<p><\/p>","protected":false},"excerpt":{"rendered":"<p>Guvernerka Centralne banke Irena Radovi\u0107 poru\u010dila je da umjereni rast euribora nema zna\u010dajan uticaj na crnogorske gra\u0111ane, te da nema razloga za paniku.<\/p>","protected":false},"author":5,"featured_media":921503,"comment_status":"open","ping_status":"open","sticky":false,"template":"","format":"standard","meta":{"_acf_changed":false,"footnotes":"","jetpack_publicize_message":"","jetpack_publicize_feature_enabled":true,"jetpack_social_post_already_shared":true,"jetpack_social_options":{"image_generator_settings":{"template":"highway","default_image_id":0,"font":"","enabled":false},"version":2}},"categories":[8],"tags":[1877,31496,5266,84],"naslovna":[],"class_list":["post-962479","post","type-post","status-publish","format-standard","has-post-thumbnail","hentry","category-ekonomija","tag-cbcg","tag-euribor","tag-irena-radovic","tag-rast"],"acf":[],"jetpack_publicize_connections":[],"_links":{"self":[{"href":"https:\/\/gradski.me\/en\/wp-json\/wp\/v2\/posts\/962479","targetHints":{"allow":["GET"]}}],"collection":[{"href":"https:\/\/gradski.me\/en\/wp-json\/wp\/v2\/posts"}],"about":[{"href":"https:\/\/gradski.me\/en\/wp-json\/wp\/v2\/types\/post"}],"author":[{"embeddable":true,"href":"https:\/\/gradski.me\/en\/wp-json\/wp\/v2\/users\/5"}],"replies":[{"embeddable":true,"href":"https:\/\/gradski.me\/en\/wp-json\/wp\/v2\/comments?post=962479"}],"version-history":[{"count":2,"href":"https:\/\/gradski.me\/en\/wp-json\/wp\/v2\/posts\/962479\/revisions"}],"predecessor-version":[{"id":962481,"href":"https:\/\/gradski.me\/en\/wp-json\/wp\/v2\/posts\/962479\/revisions\/962481"}],"wp:featuredmedia":[{"embeddable":true,"href":"https:\/\/gradski.me\/en\/wp-json\/wp\/v2\/media\/921503"}],"wp:attachment":[{"href":"https:\/\/gradski.me\/en\/wp-json\/wp\/v2\/media?parent=962479"}],"wp:term":[{"taxonomy":"category","embeddable":true,"href":"https:\/\/gradski.me\/en\/wp-json\/wp\/v2\/categories?post=962479"},{"taxonomy":"post_tag","embeddable":true,"href":"https:\/\/gradski.me\/en\/wp-json\/wp\/v2\/tags?post=962479"},{"taxonomy":"naslovna","embeddable":true,"href":"https:\/\/gradski.me\/en\/wp-json\/wp\/v2\/naslovna?post=962479"}],"curies":[{"name":"wp","href":"https:\/\/api.w.org\/{rel}","templated":true}]}}