{"id":962377,"date":"2026-04-26T18:20:30","date_gmt":"2026-04-26T16:20:30","guid":{"rendered":"https:\/\/gradski.me\/?p=962377"},"modified":"2026-04-26T18:20:32","modified_gmt":"2026-04-26T16:20:32","slug":"enco-odveo-celsi-u-finale-fa-kupa","status":"publish","type":"post","link":"https:\/\/gradski.me\/en\/sport\/enco-odveo-celsi-u-finale-fa-kupa\/","title":{"rendered":"Enzo leads Chelsea to FA Cup final"},"content":{"rendered":"<p>This is only the second triumph for the \"blues\" in the last nine matches, and the previous one was achieved in this competition against lower league team Port Vale. <\/p>\n\n\n\n<p>Thus, interim manager Callum McFarlane made his debut with a victory, after succeeding Liam Rosenior on the bench until the end of the season a few days ago. <\/p>\n\n\n\n<p>The decisive goal was scored by Enco Fernandez on a cross from Pedro Neto in the 23rd minute.<\/p>\n\n\n\n<p>The FA Cup final is scheduled for May 16th at Wembley.<\/p>","protected":false},"excerpt":{"rendered":"<p>Fudbaleri \u010celsija zakazali su finale FA kupa sa Man\u010dester sitijem, po\u0161to su danas na kultnom &#8222;Vembliju&#8220; eliminisali Lids minimalnim rezultatom.<\/p>","protected":false},"author":6,"featured_media":897252,"comment_status":"open","ping_status":"open","sticky":false,"template":"","format":"standard","meta":{"_acf_changed":false,"footnotes":"","jetpack_publicize_message":"","jetpack_publicize_feature_enabled":true,"jetpack_social_post_already_shared":true,"jetpack_social_options":{"image_generator_settings":{"template":"highway","default_image_id":0,"font":"","enabled":false},"version":2}},"categories":[15],"tags":[1845,16534,2251],"naslovna":[],"class_list":["post-962377","post","type-post","status-publish","format-standard","has-post-thumbnail","hentry","category-sport","tag-celsi-3","tag-fa-kup","tag-lids"],"acf":[],"jetpack_publicize_connections":[],"_links":{"self":[{"href":"https:\/\/gradski.me\/en\/wp-json\/wp\/v2\/posts\/962377","targetHints":{"allow":["GET"]}}],"collection":[{"href":"https:\/\/gradski.me\/en\/wp-json\/wp\/v2\/posts"}],"about":[{"href":"https:\/\/gradski.me\/en\/wp-json\/wp\/v2\/types\/post"}],"author":[{"embeddable":true,"href":"https:\/\/gradski.me\/en\/wp-json\/wp\/v2\/users\/6"}],"replies":[{"embeddable":true,"href":"https:\/\/gradski.me\/en\/wp-json\/wp\/v2\/comments?post=962377"}],"version-history":[{"count":5,"href":"https:\/\/gradski.me\/en\/wp-json\/wp\/v2\/posts\/962377\/revisions"}],"predecessor-version":[{"id":962395,"href":"https:\/\/gradski.me\/en\/wp-json\/wp\/v2\/posts\/962377\/revisions\/962395"}],"wp:featuredmedia":[{"embeddable":true,"href":"https:\/\/gradski.me\/en\/wp-json\/wp\/v2\/media\/897252"}],"wp:attachment":[{"href":"https:\/\/gradski.me\/en\/wp-json\/wp\/v2\/media?parent=962377"}],"wp:term":[{"taxonomy":"category","embeddable":true,"href":"https:\/\/gradski.me\/en\/wp-json\/wp\/v2\/categories?post=962377"},{"taxonomy":"post_tag","embeddable":true,"href":"https:\/\/gradski.me\/en\/wp-json\/wp\/v2\/tags?post=962377"},{"taxonomy":"naslovna","embeddable":true,"href":"https:\/\/gradski.me\/en\/wp-json\/wp\/v2\/naslovna?post=962377"}],"curies":[{"name":"wp","href":"https:\/\/api.w.org\/{rel}","templated":true}]}}