{"id":962368,"date":"2026-04-26T18:10:00","date_gmt":"2026-04-26T16:10:00","guid":{"rendered":"https:\/\/gradski.me\/?p=962368"},"modified":"2026-04-26T18:16:47","modified_gmt":"2026-04-26T16:16:47","slug":"smjena-na-vrhu-otrant-preuzeo-lidersko-mjesto-od-grblja-golman-kastratovic-donio-bod-beranama","status":"publish","type":"post","link":"https:\/\/gradski.me\/en\/sport\/smjena-na-vrhu-otrant-preuzeo-lidersko-mjesto-od-grblja-golman-kastratovic-donio-bod-beranama\/","title":{"rendered":"Smjena na vrhu: Otrant preuzeo lidersko mjesto od Grblja, golman Kastratovi\u0107 donio bod Beranama"},"content":{"rendered":"<p>Ulcinjani su danas pred svojim navija\u010dima savladali Lov\u0107en (2:1), dok je Grbalj neo\u010dekivano izgubio u Radanovi\u0107ima od Igala minimalnim rezultatom. <\/p>\n\n\n\n<p>Na stadionu \u201eVelika Pla\u017ea\u201c doma\u0107in je poveo u 25. minutu preko Valentina Rudovi\u0107a.<\/p>\n\n\n\n<p>Na 2:0 povisio je Lazar Lambuli\u0107 u prvom minutu sudijske nadoknade prvog dijela.<\/p>\n\n\n\n<p>Poraz Cetinjana, \u010detvrti zaredom, ubla\u017eio je Bojan Pavi\u0107evi\u0107 u 58. minutu.<\/p>\n\n\n\n<p>Jedini pogodak u \u201eDonjoj Sutvari\u201c postigao je vezista Boris Zujovi\u0107 u 56. minutu.<\/p>\n\n\n\n<p>Igaljani su tako prekinuli niz od \u0161est me\u010deva bez pobjede.<\/p>\n\n\n\n<p>Posljednjeplasirani Internacional je na Zlatici remizirao sa Beranama (2:2) i sada ima osam bodova manje od Igala. <\/p>\n\n\n\n<p>Formalni doma\u0107in je dva puta vodio, a gosti su do boda stigli prakti\u010dno u posljednjim sekundama i to zannimljivo pogotkom golmana Stefana Kastratovi\u0107a. <\/p>\n\n\n\n<p>Rudar je slavio poslije pet me\u010deva i vi\u0161e od mjesec dana, nakon \u0161to je \u201epod Golubinjom\u201c deklasirao Kom (4:1). <\/p>\n\n\n\n<p>Pljevljaci su na poluvremenu vodili 2:0 golovima Jovana Mili\u0107a i Bo\u017eidara Buji\u0161e. <\/p>\n\n\n\n<p>Gosti su po\u010detkom nastavka ostali sa desetoricom zbog crvenog kartona Andreja Bo\u017eovi\u0107a koji je skrivio penal, a siguran sa 11 metara bio je kapiten Milo\u0161 Ze\u010devi\u0107. <\/p>\n\n\n\n<p>Romario Camaj je smanjio na 3:1, a kona\u010dan rezultat postavio je Martin \u0110ukanovi\u0107 u 70. minutu. <\/p>\n\n\n\n<p>Iskra i Podgorica odigrali su bez golova u Danilovgradu. <\/p>\n\n\n\n<p>Iskra je ostala tre\u0107a na tabeli (posljednje mjesto koje vodi u bara\u017e) sa tri boda vi\u0161e od Koma. <\/p>\n\n\n\n<p>RESULTS<\/p>\n\n\n\n<p><strong>Grbalj \u2013 Igalo 0:1<\/strong><\/p>\n\n\n\n<p><strong>Internacional \u2013 Berane 2:2 <\/strong><\/p>\n\n\n\n<p><strong>Iskra \u2013 Podgorica 0:0 <\/strong><\/p>\n\n\n\n<p><strong>Otrant \u2013 Lov\u0107en 2:1 <\/strong><\/p>\n\n\n\n<p><strong>Rudar \u2013 Kom 4:1<\/strong><\/p>","protected":false},"excerpt":{"rendered":"<p>Smjena na vrhu tabele u Drugoliga\u0161kom karavanu nakon kompletiranog 31. kola &#8211; Otrant je preuzeo lidersko mjesto od Grblja i sada ima bod vi\u0161e.<\/p>","protected":false},"author":6,"featured_media":916255,"comment_status":"open","ping_status":"open","sticky":false,"template":"","format":"standard","meta":{"_acf_changed":false,"footnotes":"","jetpack_publicize_message":"","jetpack_publicize_feature_enabled":true,"jetpack_social_post_already_shared":true,"jetpack_social_options":{"image_generator_settings":{"template":"highway","default_image_id":0,"font":"","enabled":false},"version":2}},"categories":[15],"tags":[605,3748,5982,2867,606,3749,5983,2868,3750,960,3751],"naslovna":[],"class_list":["post-962368","post","type-post","status-publish","format-standard","has-post-thumbnail","hentry","category-sport","tag-2-cfl-3","tag-fk-berane","tag-fk-igalo","tag-fk-internacional","tag-fk-iskra","tag-fk-kom","tag-fk-lovcen","tag-fk-otrant","tag-fk-podgorica","tag-fk-rudar","tag-ofk-grbalj"],"acf":[],"jetpack_publicize_connections":[],"_links":{"self":[{"href":"https:\/\/gradski.me\/en\/wp-json\/wp\/v2\/posts\/962368","targetHints":{"allow":["GET"]}}],"collection":[{"href":"https:\/\/gradski.me\/en\/wp-json\/wp\/v2\/posts"}],"about":[{"href":"https:\/\/gradski.me\/en\/wp-json\/wp\/v2\/types\/post"}],"author":[{"embeddable":true,"href":"https:\/\/gradski.me\/en\/wp-json\/wp\/v2\/users\/6"}],"replies":[{"embeddable":true,"href":"https:\/\/gradski.me\/en\/wp-json\/wp\/v2\/comments?post=962368"}],"version-history":[{"count":4,"href":"https:\/\/gradski.me\/en\/wp-json\/wp\/v2\/posts\/962368\/revisions"}],"predecessor-version":[{"id":962387,"href":"https:\/\/gradski.me\/en\/wp-json\/wp\/v2\/posts\/962368\/revisions\/962387"}],"wp:featuredmedia":[{"embeddable":true,"href":"https:\/\/gradski.me\/en\/wp-json\/wp\/v2\/media\/916255"}],"wp:attachment":[{"href":"https:\/\/gradski.me\/en\/wp-json\/wp\/v2\/media?parent=962368"}],"wp:term":[{"taxonomy":"category","embeddable":true,"href":"https:\/\/gradski.me\/en\/wp-json\/wp\/v2\/categories?post=962368"},{"taxonomy":"post_tag","embeddable":true,"href":"https:\/\/gradski.me\/en\/wp-json\/wp\/v2\/tags?post=962368"},{"taxonomy":"naslovna","embeddable":true,"href":"https:\/\/gradski.me\/en\/wp-json\/wp\/v2\/naslovna?post=962368"}],"curies":[{"name":"wp","href":"https:\/\/api.w.org\/{rel}","templated":true}]}}