{"id":962341,"date":"2026-04-26T17:45:00","date_gmt":"2026-04-26T15:45:00","guid":{"rendered":"https:\/\/gradski.me\/?p=962341"},"modified":"2026-04-26T17:19:33","modified_gmt":"2026-04-26T15:19:33","slug":"andjusic-tesko-gdje-mozete-vidjeti-ovakvu-glad-za-vlascu-i-privilegijama-kao-u-crnoj-gori","status":"publish","type":"post","link":"https:\/\/gradski.me\/en\/politika\/andjusic-tesko-gdje-mozete-vidjeti-ovakvu-glad-za-vlascu-i-privilegijama-kao-u-crnoj-gori\/","title":{"rendered":"An\u0111u\u0161i\u0107: Te\u0161ko gdje mo\u017eete vidjeti ovakvu glad za vla\u0161\u0107u i privilegijama kao u Crnoj Gori"},"content":{"rendered":"<p><\/p>\n\n\n\n<p><\/p>\n\n\n\n<p><br>\u201ePredsjednik Skup\u0161tine op\u0161tine podnosi krivi\u010dnu prijavu protiv predsjednika Op\u0161tine, uz fizi\u010dke obra\u010dune\u201c, navodi An\u0111u\u0161i\u0107 na X-u.<\/p>\n\n\n\n<p>Broj biv\u0161ih i aktuelnih funkcionera koji se, kako ka\u017ee poslanik DPS, sem fizi\u010dkom akcijom, ne mogu pomjeriti sa pozicija ili pomiriti sa prestankom mandata, vi\u0161e se i ne mo\u017ee izbrojati.<\/p>\n\n\n\n<p>\u201eBeskorisna i beskona\u010dna, milionska slu\u017ebena putovanja i novi slu\u017ebeni automobili kao ostvarenje snova i valjda prikaz neke ve\u0107e mo\u0107i\u201c, navodi An\u0111u\u0161i\u0107 u objavi na X-u.<\/p>\n\n\n\n<p>Ovakva glad za vla\u0161\u0107u i privilegijama, u kombinaciji sa, kako je kazao, potpunim odsustvom dru\u0161tvene, politi\u010dke, moralne i profesionalne odgovornosti, te\u0161ko se gdje danas mogu vidjeti, kao u Crnoj Gori.<\/p>\n\n\n\n<p>\u201eNeznjanje, nestru\u010dnost i pohlepa razaraju na\u0161 sistem\u201c, zaklju\u010duje poslanik DPS u objavi.<\/p>","protected":false},"excerpt":{"rendered":"<p>Poslanik DPS Mihailo An\u0111u\u0161i\u0107 smatra da dru\u0161tveno-politi\u010dka situacija u Crnoj Gori i nije ba\u0161 najoptimalnija.<\/p>","protected":false},"author":5,"featured_media":378815,"comment_status":"open","ping_status":"open","sticky":false,"template":"","format":"standard","meta":{"_acf_changed":false,"footnotes":"","jetpack_publicize_message":"","jetpack_publicize_feature_enabled":true,"jetpack_social_post_already_shared":true,"jetpack_social_options":{"image_generator_settings":{"template":"highway","default_image_id":0,"font":"","enabled":false},"version":2}},"categories":[7],"tags":[3550,31483,2107],"naslovna":[],"class_list":["post-962341","post","type-post","status-publish","format-standard","has-post-thumbnail","hentry","category-politika","tag-glad","tag-mihailo-andjusic-2","tag-vlast"],"acf":[],"jetpack_publicize_connections":[],"_links":{"self":[{"href":"https:\/\/gradski.me\/en\/wp-json\/wp\/v2\/posts\/962341","targetHints":{"allow":["GET"]}}],"collection":[{"href":"https:\/\/gradski.me\/en\/wp-json\/wp\/v2\/posts"}],"about":[{"href":"https:\/\/gradski.me\/en\/wp-json\/wp\/v2\/types\/post"}],"author":[{"embeddable":true,"href":"https:\/\/gradski.me\/en\/wp-json\/wp\/v2\/users\/5"}],"replies":[{"embeddable":true,"href":"https:\/\/gradski.me\/en\/wp-json\/wp\/v2\/comments?post=962341"}],"version-history":[{"count":2,"href":"https:\/\/gradski.me\/en\/wp-json\/wp\/v2\/posts\/962341\/revisions"}],"predecessor-version":[{"id":962343,"href":"https:\/\/gradski.me\/en\/wp-json\/wp\/v2\/posts\/962341\/revisions\/962343"}],"wp:featuredmedia":[{"embeddable":true,"href":"https:\/\/gradski.me\/en\/wp-json\/wp\/v2\/media\/378815"}],"wp:attachment":[{"href":"https:\/\/gradski.me\/en\/wp-json\/wp\/v2\/media?parent=962341"}],"wp:term":[{"taxonomy":"category","embeddable":true,"href":"https:\/\/gradski.me\/en\/wp-json\/wp\/v2\/categories?post=962341"},{"taxonomy":"post_tag","embeddable":true,"href":"https:\/\/gradski.me\/en\/wp-json\/wp\/v2\/tags?post=962341"},{"taxonomy":"naslovna","embeddable":true,"href":"https:\/\/gradski.me\/en\/wp-json\/wp\/v2\/naslovna?post=962341"}],"curies":[{"name":"wp","href":"https:\/\/api.w.org\/{rel}","templated":true}]}}