{"id":962264,"date":"2026-04-26T13:16:00","date_gmt":"2026-04-26T11:16:00","guid":{"rendered":"https:\/\/gradski.me\/?p=962264"},"modified":"2026-04-26T13:23:36","modified_gmt":"2026-04-26T11:23:36","slug":"culafic-puna-podrska-podgorici-u-trci-za-evropsku-zelenu-prijestonicu-2028","status":"publish","type":"post","link":"https:\/\/gradski.me\/en\/drustvo\/culafic-puna-podrska-podgorici-u-trci-za-evropsku-zelenu-prijestonicu-2028\/","title":{"rendered":"\u0106ulafi\u0107: Full support for Podgorica in the race for the title of European Green Capital 2028."},"content":{"rendered":"<p><\/p>\n\n\n\n<p><\/p>\n\n\n\n<p>Kao dr\u017eava koja napreduje u procesu pristupanja Evropskoj uniji i ostvaruje rezultate u okviru Poglavlja 27, koje se odnosi na za\u0161titu \u017eivotne sredine, ovakvi iskoraci su, ka\u017ee \u0106ulafi\u0107, izuzetno va\u017eni i ohrabruju\u0107i i potvr\u0111uju da su reformski procesi koje sprovodimo prepoznati i van na\u0161ih granica.<\/p>\n\n\n\n<p>&#8222;Moram da istaknem i da me posebno ohrabruju optimisti\u010dne poruke koje sam \u010duo na sastancima sa evropskim zvani\u010dnicima u Podgorici i Briselu, a u vezi sa dosada\u0161njim radom i projektima u oblasti \u017eivotne sredine. Ipak, svjesni smo da Crnu Goru, a samim tim i Podgoricu, o\u010dekuje jo\u0161 mnogo posla kada je rije\u010d o unapre\u0111enju ekolo\u0161ke infrastrukture, ali jasni planovi i strate\u0161ko opredjeljenje usmjereno ka unapre\u0111enju upravljanja otpadom, za\u0161titi voda i pobolj\u0161anju kvaliteta vazduha pokazuju da smo na pravom putu&#8220;, kazao je \u0106ulafi\u0107.<\/p>\n\n\n\n<p>Navodi da \u0107e Ministarstvo ekologije, odr\u017eivog razvoja i razvoja sjevera biti pouzdan partner, posve\u0107en stvaranju zdravijeg, kvalitetnijeg i odr\u017eivijeg \u017eivotnog okru\u017eenja za sve gra\u0111ane, a gradona\u010delnik Sa\u0161a Mujovi\u0107, njegovi zamjenici Boris Spalevi\u0107 i Na\u0111a Ljiljani\u0107 i predsjednica SO Jelena Borovini\u0107-Bojovi\u0107 &#8222;imaju moju punu podr\u0161ku u ovom takmi\u010denju&#8220;.<\/p>","protected":false},"excerpt":{"rendered":"<p>Jako me je obradovala vijest da je Podgorica u\u0161la u trku za titulu Evropske zelene prijestonice 2028. To predstavlja sna\u017enu potvrdu da razmi\u0161ljamo dugoro\u010dno, sa jasnom ambicijom da gradimo odr\u017eivu, zdravu i \u010distu budu\u0107nost za na\u0161e gra\u0111ane, poru\u010dio je ministar ekologije, odr\u017eivog razvoja i razvoja sjevera, Damjan \u0106ulafi\u0107, koji je poru\u010dio da Glavni grad, na \u010delu sa gradona\u010delnikom Mujovi\u0107em, ima njegovu punu podr\u0161ku u ovoj trci.<\/p>","protected":false},"author":8,"featured_media":941420,"comment_status":"open","ping_status":"open","sticky":false,"template":"","format":"standard","meta":{"_acf_changed":false,"footnotes":"","jetpack_publicize_message":"","jetpack_publicize_feature_enabled":true,"jetpack_social_post_already_shared":true,"jetpack_social_options":{"image_generator_settings":{"template":"highway","default_image_id":0,"font":"","enabled":false},"version":2}},"categories":[9],"tags":[177,31470,6550,28],"naslovna":[908],"class_list":["post-962264","post","type-post","status-publish","format-standard","has-post-thumbnail","hentry","category-drustvo","tag-damjan-culafic-2","tag-evropska-zelena-prijestonica","tag-ministarstvo-ekologije","tag-podgorica","naslovna-izdvajamo"],"acf":[],"jetpack_publicize_connections":[],"_links":{"self":[{"href":"https:\/\/gradski.me\/en\/wp-json\/wp\/v2\/posts\/962264","targetHints":{"allow":["GET"]}}],"collection":[{"href":"https:\/\/gradski.me\/en\/wp-json\/wp\/v2\/posts"}],"about":[{"href":"https:\/\/gradski.me\/en\/wp-json\/wp\/v2\/types\/post"}],"author":[{"embeddable":true,"href":"https:\/\/gradski.me\/en\/wp-json\/wp\/v2\/users\/8"}],"replies":[{"embeddable":true,"href":"https:\/\/gradski.me\/en\/wp-json\/wp\/v2\/comments?post=962264"}],"version-history":[{"count":2,"href":"https:\/\/gradski.me\/en\/wp-json\/wp\/v2\/posts\/962264\/revisions"}],"predecessor-version":[{"id":962269,"href":"https:\/\/gradski.me\/en\/wp-json\/wp\/v2\/posts\/962264\/revisions\/962269"}],"wp:featuredmedia":[{"embeddable":true,"href":"https:\/\/gradski.me\/en\/wp-json\/wp\/v2\/media\/941420"}],"wp:attachment":[{"href":"https:\/\/gradski.me\/en\/wp-json\/wp\/v2\/media?parent=962264"}],"wp:term":[{"taxonomy":"category","embeddable":true,"href":"https:\/\/gradski.me\/en\/wp-json\/wp\/v2\/categories?post=962264"},{"taxonomy":"post_tag","embeddable":true,"href":"https:\/\/gradski.me\/en\/wp-json\/wp\/v2\/tags?post=962264"},{"taxonomy":"naslovna","embeddable":true,"href":"https:\/\/gradski.me\/en\/wp-json\/wp\/v2\/naslovna?post=962264"}],"curies":[{"name":"wp","href":"https:\/\/api.w.org\/{rel}","templated":true}]}}