{"id":962261,"date":"2026-04-26T13:05:00","date_gmt":"2026-04-26T11:05:00","guid":{"rendered":"https:\/\/gradski.me\/?p=962261"},"modified":"2026-04-26T13:04:27","modified_gmt":"2026-04-26T11:04:27","slug":"stanovnici-vestminstera-se-zalili-zbog-useljenja-ambasade-crne-gore-u-porodicnu-kucu","status":"publish","type":"post","link":"https:\/\/gradski.me\/en\/politika\/stanovnici-vestminstera-se-zalili-zbog-useljenja-ambasade-crne-gore-u-porodicnu-kucu\/","title":{"rendered":"Stanovnici Vestminstera se \u017ealili zbog useljenja Ambasade Crne Gore u porodi\u010dnu ku\u0107u"},"content":{"rendered":"<p><\/p>\n\n\n\n<p>Lokalni mje\u0161tani navode da je ambasada u zgradu u\u0161la prije osam mjeseci i po\u010dela da isti\u010de zastavu Crne Gore, prije nego \u0161to je zatra\u017eila i kasnije dobila dozvolu za planiranje od nadle\u017enog savjeta.<\/p>\n\n\n\n<p>Stanovnici su saop\u0161tili da planiraju da ospore tu odluku, navode\u0107i da \u201enema smisla\u201c.<\/p>\n\n\n\n<p>Portparol ambasade izjavio je za BBC da su posve\u0107eni tome da budu \u201eprisutni na po\u0161tovan i obziran na\u010din u susjedstvu\u201c.<\/p>\n\n\n\n<p>On je dodao da je ambasada ispo\u0161tovala sve propisane procedure i da ostaje otvorena za konstruktivan dijalog sa kom\u0161ijama kako bi se rije\u0161ile eventualne zabrinutosti i obezbijedio dobar odnos sa lokalnom zajednicom.<\/p>\n\n\n\n<p>David Simpson, koji \u017eivi pored objekta, rekao je na sjednici savjeta u utorak: \u201eUpoznati ste sa nivoom lokalnog protivljenja ovoj aplikaciji za planiranje.\u201c<\/p>\n\n\n\n<p>\u201eNiti jedna osoba nije govorila u korist davanja dozvole, a svi lokalni odbornici i organizacije iz Vestminstera su protiv\u201c, kazao je on na sjednici.<\/p>\n\n\n\n<p>Ipak, savjet je odobrio zahtjev zakupca objekta da se ku\u0107a koristi kao ambasada, navode\u0107i da postoje \u201ezna\u010dajne \u0161ire dru\u0161tvene koristi\u201c koje proizilaze iz takve namjene, uklju\u010duju\u0107i podr\u0161ku diplomatskim odnosima.<\/p>\n\n\n\n<p>Tako\u0111e je istaknuto da je Crna Gora mala dr\u017eava, pa se o\u010dekuje mali broj posjetilaca, kao i da u ambasadi ne\u0107e biti dozvoljeno odr\u017eavanje doga\u0111aja sa vi\u0161e od 15 ljudi.<\/p>\n\n\n\n<p>Slu\u017ebenici savjeta naveli su i da je ambasada ve\u0107 mjesecima tra\u017eila novi prostor, te da diplomatski imunitet mo\u017ee ote\u017eati sprovo\u0111enje eventualnih mjera.<\/p>\n\n\n\n<p>Simpson je dodao: \u201eUlo\u017ei\u0107emo \u017ealbu. Nema smisla dozvoliti vlasniku ku\u0107e u Kembrid\u017e stritu da je trajno iznajmi stranoj dr\u017eavi i da se time porodi\u010dna ku\u0107a izgubi u okviru za\u0161ti\u0107ene zone.\u201c<\/p>\n\n\n\n<p>On je ocijenio da je obrazlo\u017eenje o \u201ejavnoj koristi kroz bolje diplomatske odnose\u201c neuvjerljivo, uz tvrdnju da u centralnom Londonu postoje druge lokacije koje ispunjavaju uslove planiranja.<\/p>\n\n\n\n<p>Portparol ambasade je naglasio da aktivnosti ambasade ne stvaraju zna\u010dajan protok ljudi, te da se ve\u0107i diplomatski doga\u0111aji organizuju na drugim lokacijama.<\/p>\n\n\n\n<p>Dodali su da je njihov operativni model osmi\u0161ljen tako da minimizira ometanje okoline, u skladu sa ranijim iskustvima u prethodnim prostorijama.<\/p>\n\n\n\n<p>Nije ovo jedina ambasada u Londonu koja se nalazi u stambenoj ulici \u2014 ambasada Sjeverne Koreje tako\u0111e je smje\u0161tena u porodi\u010dnoj ku\u0107i u Ealingu.<\/p>\n\n\n\n<p><\/p>","protected":false},"excerpt":{"rendered":"<p>Stanovnici Vestminstera, u centralnom Londonu, \u017ealili su se nakon \u0161to se Ambasada Crne Gore uselila u porodi\u010dnu ku\u0107u u njihovoj ulici.<\/p>","protected":false},"author":8,"featured_media":962262,"comment_status":"open","ping_status":"open","sticky":false,"template":"","format":"standard","meta":{"_acf_changed":false,"footnotes":"","jetpack_publicize_message":"","jetpack_publicize_feature_enabled":true,"jetpack_social_post_already_shared":true,"jetpack_social_options":{"image_generator_settings":{"template":"highway","default_image_id":0,"font":"","enabled":false},"version":2}},"categories":[7],"tags":[31468,31469],"naslovna":[910],"class_list":["post-962261","post","type-post","status-publish","format-standard","has-post-thumbnail","hentry","category-politika","tag-ambasada-crne-gore-u-londonu","tag-vestminster","naslovna-preporuceno"],"acf":[],"jetpack_publicize_connections":[],"_links":{"self":[{"href":"https:\/\/gradski.me\/en\/wp-json\/wp\/v2\/posts\/962261","targetHints":{"allow":["GET"]}}],"collection":[{"href":"https:\/\/gradski.me\/en\/wp-json\/wp\/v2\/posts"}],"about":[{"href":"https:\/\/gradski.me\/en\/wp-json\/wp\/v2\/types\/post"}],"author":[{"embeddable":true,"href":"https:\/\/gradski.me\/en\/wp-json\/wp\/v2\/users\/8"}],"replies":[{"embeddable":true,"href":"https:\/\/gradski.me\/en\/wp-json\/wp\/v2\/comments?post=962261"}],"version-history":[{"count":1,"href":"https:\/\/gradski.me\/en\/wp-json\/wp\/v2\/posts\/962261\/revisions"}],"predecessor-version":[{"id":962263,"href":"https:\/\/gradski.me\/en\/wp-json\/wp\/v2\/posts\/962261\/revisions\/962263"}],"wp:featuredmedia":[{"embeddable":true,"href":"https:\/\/gradski.me\/en\/wp-json\/wp\/v2\/media\/962262"}],"wp:attachment":[{"href":"https:\/\/gradski.me\/en\/wp-json\/wp\/v2\/media?parent=962261"}],"wp:term":[{"taxonomy":"category","embeddable":true,"href":"https:\/\/gradski.me\/en\/wp-json\/wp\/v2\/categories?post=962261"},{"taxonomy":"post_tag","embeddable":true,"href":"https:\/\/gradski.me\/en\/wp-json\/wp\/v2\/tags?post=962261"},{"taxonomy":"naslovna","embeddable":true,"href":"https:\/\/gradski.me\/en\/wp-json\/wp\/v2\/naslovna?post=962261"}],"curies":[{"name":"wp","href":"https:\/\/api.w.org\/{rel}","templated":true}]}}