{"id":962215,"date":"2026-04-26T10:40:00","date_gmt":"2026-04-26T08:40:00","guid":{"rendered":"https:\/\/gradski.me\/?p=962215"},"modified":"2026-04-26T10:08:49","modified_gmt":"2026-04-26T08:08:49","slug":"lakcevic-zabrinuti-smo-zbog-situacije-u-fondu-zdravstva","status":"publish","type":"post","link":"https:\/\/gradski.me\/en\/drustvo\/lakcevic-zabrinuti-smo-zbog-situacije-u-fondu-zdravstva\/","title":{"rendered":"Lak\u010devi\u0107: Zabrinuti smo zbog situacije u Fondu zdravstva"},"content":{"rendered":"<p><\/p>\n\n\n\n<p>Ona pita \u010demu slu\u017ee organi upravljanja i nadzora u resoru zdravlja ako se na onakav na\u010din smjenjuje, a sada na veoma \u010dudan na\u010din na funkciju vra\u0107a direktor najva\u017enije institucije u zdravstvenom sistemu?<\/p>\n\n\n\n<p>&#8222;Stanje u zdravstvu je nikad gore: stepen medicinske za\u0161tite gra\u0111ana je na najni\u017eem nivou, liste \u010dekanja su na neslavnom istorijskom rekordu; a tro\u0161kovi za zdravstvo su ve\u0107i nego ikada! Ovo su \u010dinjenice koje glasno govore dok ministar \u0107uti. Na\u017ealost, Ministarstvo zdravlja i ministar \u0160imun, iako ljekar, na distanci su od svega prethodno navedenog, dakle \u2013 udaljeni od pacijenata i gra\u0111ana&#8220;, kazala je Lak\u010devi\u0107.<\/p>\n\n\n\n<p>Pita i ho\u0107e li Crna Gora do\u010dekati da ministar povu\u010de neki potez ili donese odluku?<\/p>\n\n\n\n<p>&#8222;Ili mu je zaista potrebna pomo\u0107, u ulozi novog \u010dlana Vlade, o \u010demu se naga\u0111a? Gra\u0111ani nemaju vremena za naga\u0111anja. Tra\u017eimo odluke, odgovornost ministra i rezultate u poslu za koji je novcem gra\u0111ana pla\u0107en&#8220;, navela je Lak\u010devi\u0107.<\/p>","protected":false},"excerpt":{"rendered":"<p>Stranka evropskog progresa sa zabrinuto\u0161\u0107u prati situaciju u Fondu zdravstva. Pitamo ministra Vojislava \u0160imuna: Ko je direktor Fonda zdravstva, institucije koja u ovoj godini raspola\u017ee sa bezmalo pola milijarde novca svih gra\u0111ana, navodi se u saop\u0161tenju Mire Lak\u010devi\u0107 iz Stranke evropskog progresa Kotor.<\/p>","protected":false},"author":8,"featured_media":962216,"comment_status":"open","ping_status":"open","sticky":false,"template":"","format":"standard","meta":{"_acf_changed":false,"footnotes":"","jetpack_publicize_message":"","jetpack_publicize_feature_enabled":true,"jetpack_social_post_already_shared":true,"jetpack_social_options":{"image_generator_settings":{"template":"highway","default_image_id":0,"font":"","enabled":false},"version":2}},"categories":[9],"tags":[10420,804,13811],"naslovna":[],"class_list":["post-962215","post","type-post","status-publish","format-standard","has-post-thumbnail","hentry","category-drustvo","tag-fond-zdravstva","tag-ministarstvo-zdravlja","tag-mira-lakcevic"],"acf":[],"jetpack_publicize_connections":[],"_links":{"self":[{"href":"https:\/\/gradski.me\/en\/wp-json\/wp\/v2\/posts\/962215","targetHints":{"allow":["GET"]}}],"collection":[{"href":"https:\/\/gradski.me\/en\/wp-json\/wp\/v2\/posts"}],"about":[{"href":"https:\/\/gradski.me\/en\/wp-json\/wp\/v2\/types\/post"}],"author":[{"embeddable":true,"href":"https:\/\/gradski.me\/en\/wp-json\/wp\/v2\/users\/8"}],"replies":[{"embeddable":true,"href":"https:\/\/gradski.me\/en\/wp-json\/wp\/v2\/comments?post=962215"}],"version-history":[{"count":1,"href":"https:\/\/gradski.me\/en\/wp-json\/wp\/v2\/posts\/962215\/revisions"}],"predecessor-version":[{"id":962217,"href":"https:\/\/gradski.me\/en\/wp-json\/wp\/v2\/posts\/962215\/revisions\/962217"}],"wp:featuredmedia":[{"embeddable":true,"href":"https:\/\/gradski.me\/en\/wp-json\/wp\/v2\/media\/962216"}],"wp:attachment":[{"href":"https:\/\/gradski.me\/en\/wp-json\/wp\/v2\/media?parent=962215"}],"wp:term":[{"taxonomy":"category","embeddable":true,"href":"https:\/\/gradski.me\/en\/wp-json\/wp\/v2\/categories?post=962215"},{"taxonomy":"post_tag","embeddable":true,"href":"https:\/\/gradski.me\/en\/wp-json\/wp\/v2\/tags?post=962215"},{"taxonomy":"naslovna","embeddable":true,"href":"https:\/\/gradski.me\/en\/wp-json\/wp\/v2\/naslovna?post=962215"}],"curies":[{"name":"wp","href":"https:\/\/api.w.org\/{rel}","templated":true}]}}