{"id":962211,"date":"2026-04-26T10:00:46","date_gmt":"2026-04-26T08:00:46","guid":{"rendered":"https:\/\/gradski.me\/?p=962211"},"modified":"2026-04-26T10:02:31","modified_gmt":"2026-04-26T08:02:31","slug":"majka-i-sin-uhapseni-zbog-sumnje-da-su-u-opticaj-stavili-falsifikovane-novcanice","status":"publish","type":"post","link":"https:\/\/gradski.me\/en\/hronika\/majka-i-sin-uhapseni-zbog-sumnje-da-su-u-opticaj-stavili-falsifikovane-novcanice\/","title":{"rendered":"Bijelo Polje: Majka i sin uhap\u0161eni zbog sumnje da su pozajmicu vratili falsifikovanim novcem"},"content":{"rendered":"<p><\/p>\n\n\n\n<p>&#8222;Krivi\u010dno djelo su, kako se sumnja, izvr\u0161ili na na\u010din \u0161to je N.M. tokom februara ove godine pribavio ve\u0107u koli\u010dinu falsifikovanih nov\u010danica u apoenima od po 200 eura, ta\u010dnije 42 nov\u010danice u ovim apoenima (8.400 eura falsifikovanog novca), i predao ih mjaci K.G, koja je u prvoj polovini aprila stavila u opticaj dio tih falsifikovanih nov\u010danica, 23 nov\u010danice, vra\u0107aju\u0107i pozajmljeni novac u iznosu od 4.600 eura jednom licu iz Bijelog Polja&#8220;, saop\u0161tili su iz Uprave policije.<\/p>\n\n\n\n<p>Policija je, po saznanju za ovaj doga\u0111aj, preduzele slu\u017ebene mjere i radnje, koje su rezultirale pronalaskom i oduzimanjem svog falsifikovanog novca koja su ova lica pribavila.<\/p>\n\n\n\n<p>&#8222;Osumnji\u010deni K.G. i N.M. \u0107e, uz krivi\u010dnu prijavu, biti sprovedeni postupaju\u0107em dr\u017eavnom tu\u017eiocu u Osnovnom dr\u017eavnom tu\u017eila\u0161tvu u Bijelom Polju, zbog sumnje da su po\u010dinili navedeno krivi\u010dno djelo&#8220;, kazali su iz policije.<\/p>","protected":false},"excerpt":{"rendered":"<p>Bjelopoljska policija uhapsila je K.G. i N.M, majku i sina iz Bijelog Polja, zbog sumnje da su izvr\u0161ili krivi\u010dno djelo falsifikovanje novca.<\/p>","protected":false},"author":8,"featured_media":962212,"comment_status":"open","ping_status":"open","sticky":false,"template":"","format":"standard","meta":{"_acf_changed":false,"footnotes":"","jetpack_publicize_message":"","jetpack_publicize_feature_enabled":true,"jetpack_social_post_already_shared":true,"jetpack_social_options":{"image_generator_settings":{"template":"highway","default_image_id":0,"font":"","enabled":false},"version":2}},"categories":[10],"tags":[1347,27226,109],"naslovna":[908],"class_list":["post-962211","post","type-post","status-publish","format-standard","has-post-thumbnail","hentry","category-hronika","tag-bijelo-polje","tag-falsifikovanje-novcanica","tag-uprava-policije","naslovna-izdvajamo"],"acf":[],"jetpack_publicize_connections":[],"_links":{"self":[{"href":"https:\/\/gradski.me\/en\/wp-json\/wp\/v2\/posts\/962211","targetHints":{"allow":["GET"]}}],"collection":[{"href":"https:\/\/gradski.me\/en\/wp-json\/wp\/v2\/posts"}],"about":[{"href":"https:\/\/gradski.me\/en\/wp-json\/wp\/v2\/types\/post"}],"author":[{"embeddable":true,"href":"https:\/\/gradski.me\/en\/wp-json\/wp\/v2\/users\/8"}],"replies":[{"embeddable":true,"href":"https:\/\/gradski.me\/en\/wp-json\/wp\/v2\/comments?post=962211"}],"version-history":[{"count":2,"href":"https:\/\/gradski.me\/en\/wp-json\/wp\/v2\/posts\/962211\/revisions"}],"predecessor-version":[{"id":962214,"href":"https:\/\/gradski.me\/en\/wp-json\/wp\/v2\/posts\/962211\/revisions\/962214"}],"wp:featuredmedia":[{"embeddable":true,"href":"https:\/\/gradski.me\/en\/wp-json\/wp\/v2\/media\/962212"}],"wp:attachment":[{"href":"https:\/\/gradski.me\/en\/wp-json\/wp\/v2\/media?parent=962211"}],"wp:term":[{"taxonomy":"category","embeddable":true,"href":"https:\/\/gradski.me\/en\/wp-json\/wp\/v2\/categories?post=962211"},{"taxonomy":"post_tag","embeddable":true,"href":"https:\/\/gradski.me\/en\/wp-json\/wp\/v2\/tags?post=962211"},{"taxonomy":"naslovna","embeddable":true,"href":"https:\/\/gradski.me\/en\/wp-json\/wp\/v2\/naslovna?post=962211"}],"curies":[{"name":"wp","href":"https:\/\/api.w.org\/{rel}","templated":true}]}}