{"id":962203,"date":"2026-04-26T10:14:00","date_gmt":"2026-04-26T08:14:00","guid":{"rendered":"https:\/\/gradski.me\/?p=962203"},"modified":"2026-04-26T09:41:22","modified_gmt":"2026-04-26T07:41:22","slug":"svecano-otvoreno-peto-izdanje-festivala-vjetra-u-tivtu-uz-koncert-bajage-i-instruktora","status":"publish","type":"post","link":"https:\/\/gradski.me\/en\/zabava\/svecano-otvoreno-peto-izdanje-festivala-vjetra-u-tivtu-uz-koncert-bajage-i-instruktora\/","title":{"rendered":"Sve\u010dano otvoreno peto izdanje Festivala vjetra u Tivtu uz koncert Bajage i Instruktora"},"content":{"rendered":"<p><\/p>\n\n\n\n<p><\/p>\n\n\n\n<p>Sve\u010dano otvaranje uprili\u010deno je uz koncert Bajaga i Instruktori, \u010dime je simboli\u010dno ozna\u010den po\u010detak ljetnje turisti\u010dke sezone.<\/p>\n\n\n\n<p>Predsjednik Op\u0161tine Tivat, <strong>\u017deljko Komnenovi\u0107<\/strong>, istakao je zna\u010daj festivala kao simbola zajedni\u0161tva i identiteta primorskog \u017eivota:<\/p>\n\n\n\n<p>\u201eFestival vjetra predstavlja pri\u010du koja nas podsje\u0107a da more nije samo prostor uz koji \u017eivimo, ve\u0107 su\u0161tinski dio na\u0161eg identiteta. Ovaj doga\u0111aj ozna\u010dava po\u010detak ljetnje sezone i donosi mjesec dana bogatog programa ispunjenog sportskim i kulturnim sadr\u017eajima.\u201c<\/p>\n\n\n\n<p>On je naglasio i \u0161irenje festivala na druge gradove Boke, uz o\u010dekivanja da \u0107e manifestacija nastaviti da raste i u narednim godinama.<\/p>\n\n\n\n<p>U ime Pomorskog fakulteta Kotor, prisutnima se obratila prodekanica za razvoj i komunikacije Zorica \u0110urovi\u0107, koja je istakla da iza festivala stoji dobra energija i zajedni\u0161tvo.<\/p>\n\n\n\n<p>\u201eOvaj festival je rezultat ogromnog rada, ljubavi i posve\u0107enosti. Posebno nas raduje \u0161to se ove godine program \u0161iri i na Kotor, uz sna\u017enu podr\u0161ku institucija i lokalne zajednice&#8220;, kazala je \u0110urovi\u0107.<\/p>\n\n\n\n<p>Ona je najavila i dvodnevnu konferenciju \u201eBoka Kotorska kao odr\u017eiva nauti\u010dka destinacija\u201c, koja \u0107e biti odr\u017eana 7. maja u Tivtu i 8. maja u Kotoru, kao i prate\u0107e izlo\u017ebe posve\u0107ene pomorskoj tradiciji i savremenoj umjetnosti.<\/p>\n\n\n\n<p>Urednica programa Festivala vjetra, Antonela Stjep\u010devi\u0107, istakla je da festival iz godine u godinu raste i okuplja sve ve\u0107i broj u\u010desnika.<\/p>\n\n\n\n<p>\u201eGradimo zajednicu posve\u0107enu moru, njegovoj kulturi i identitetu. Kroz jedrenje, edukaciju i kulturne programe nastojimo da te vrijednosti prenesemo na mla\u0111e generacije i sa\u010duvamo ih za budu\u0107nost&#8220;, navela je Stjep\u010devi\u0107.<\/p>\n\n\n\n<p>Ovogodi\u0161nji program obuhvata pet festivalskih vikenda tokom maja, sa raznovrsnim sadr\u017eajima iz oblasti sporta, kulture i edukacije, koji \u0107e se realizovati u Tivtu, Kotoru i zavr\u0161no u Herceg Novi.<\/p>\n\n\n\n<p>Frontmen grupe Bajaga i Instruktori, Mom\u010dilo Bajagi\u0107 Bajaga, izrazio je zadovoljstvo nastupom na festivalu, pogotovu jer u Tivtu nastupa posle 7 godina.<\/p>\n\n\n\n<p>\u201eDrago mi je \u0161to sam ponovo u Tivtu i \u0161to vidim dobru energiju u organizaciji festivala. Uvijek je izazov odabrati repertoar, ali smo pripremili druga\u010diji program nego ranije&#8220;, kazao je Bajaga.<\/p>\n\n\n\n<p>Festival vjetra jo\u0161 jednom potvr\u0111uje svoj zna\u010daj kao jedinstvena platforma koja povezuje sport, kulturu i edukaciju, promovi\u0161u\u0107i more kao klju\u010dni element identiteta i \u017eivota u Crnoj Gori.<\/p>","protected":false},"excerpt":{"rendered":"<p>Na gradskoj rivi Pine u Tivtu sve\u010dano je otvoreno peto izdanje Festivala vjetra, cjelomjese\u010dne sportsko-kulturno-edukativno-zabavne manifestacije u organizaciji Jedrili\u010darski klub Delfin. Festival traje od 24. aprila do 24. maja i ove godine donosi ukupno 16 programa \u0161irom Boke Kotorske, uz u\u010de\u0161\u0107e \u010dak 97 partnera i sponzora.<\/p>","protected":false},"author":8,"featured_media":962204,"comment_status":"open","ping_status":"open","sticky":false,"template":"","format":"standard","meta":{"_acf_changed":false,"footnotes":"","jetpack_publicize_message":"","jetpack_publicize_feature_enabled":true,"jetpack_social_post_already_shared":true,"jetpack_social_options":{"image_generator_settings":{"template":"highway","default_image_id":0,"font":"","enabled":false},"version":2}},"categories":[12],"tags":[31458,25926,159,4017,31459],"naslovna":[],"class_list":["post-962203","post","type-post","status-publish","format-standard","has-post-thumbnail","hentry","category-zabava","tag-bajaga-i-instruktori","tag-festival-vjetra","tag-tivat","tag-zeljko-komnenovic","tag-zorica-djurovic"],"acf":[],"jetpack_publicize_connections":[],"_links":{"self":[{"href":"https:\/\/gradski.me\/en\/wp-json\/wp\/v2\/posts\/962203","targetHints":{"allow":["GET"]}}],"collection":[{"href":"https:\/\/gradski.me\/en\/wp-json\/wp\/v2\/posts"}],"about":[{"href":"https:\/\/gradski.me\/en\/wp-json\/wp\/v2\/types\/post"}],"author":[{"embeddable":true,"href":"https:\/\/gradski.me\/en\/wp-json\/wp\/v2\/users\/8"}],"replies":[{"embeddable":true,"href":"https:\/\/gradski.me\/en\/wp-json\/wp\/v2\/comments?post=962203"}],"version-history":[{"count":1,"href":"https:\/\/gradski.me\/en\/wp-json\/wp\/v2\/posts\/962203\/revisions"}],"predecessor-version":[{"id":962205,"href":"https:\/\/gradski.me\/en\/wp-json\/wp\/v2\/posts\/962203\/revisions\/962205"}],"wp:featuredmedia":[{"embeddable":true,"href":"https:\/\/gradski.me\/en\/wp-json\/wp\/v2\/media\/962204"}],"wp:attachment":[{"href":"https:\/\/gradski.me\/en\/wp-json\/wp\/v2\/media?parent=962203"}],"wp:term":[{"taxonomy":"category","embeddable":true,"href":"https:\/\/gradski.me\/en\/wp-json\/wp\/v2\/categories?post=962203"},{"taxonomy":"post_tag","embeddable":true,"href":"https:\/\/gradski.me\/en\/wp-json\/wp\/v2\/tags?post=962203"},{"taxonomy":"naslovna","embeddable":true,"href":"https:\/\/gradski.me\/en\/wp-json\/wp\/v2\/naslovna?post=962203"}],"curies":[{"name":"wp","href":"https:\/\/api.w.org\/{rel}","templated":true}]}}